{"id":88926,"date":"2020-06-14T08:20:34","date_gmt":"2020-06-14T12:20:34","guid":{"rendered":"https:\/\/linitiative.ca\/International\/mise-en-place-dun-centre-dhemodialyse-a-jemaat-shaim\/"},"modified":"2020-06-14T08:20:34","modified_gmt":"2020-06-14T12:20:34","slug":"mise-en-place-dun-centre-dhemodialyse-a-jemaat-shaim","status":"publish","type":"post","link":"https:\/\/linitiative.ca\/International\/mise-en-place-dun-centre-dhemodialyse-a-jemaat-shaim\/","title":{"rendered":"Mise en place d\u2019un Centre d\u2019H\u00e9modialyse \u00e0 Jem\u00e2at Sha\u00efm"},"content":{"rendered":"<div readability=\"39\">\n<p>Safi \u2013 L\u2019offre de sant\u00e9 au niveau de la province de Safi va se renforcer, avec la mise en place, \u00e0 la commune Jem\u00e2at Sha\u00efm, d\u2019un Centre d\u2019H\u00e9modialyse, et ce en vue d\u2019am\u00e9liorer l\u2019acc\u00e8s aux soins au profit des patients souffrant d\u2019insuffisance r\u00e9nale \u00e9tablis dans le monde rural.<\/p>\n<\/div>\n<div readability=\"102\">\n<p>Ce projet s\u2019inscrit dans le cadre des programmes men\u00e9s par l\u2019Initiative Nationale pour le D\u00e9veloppement Humain (INDH) dans la province et de la feuille de route provinciale et r\u00e9gionale visant \u00e0 rapprocher les services sanitaires et hospitaliers des citoyens en milieu rural.<\/p>\n<p>Ainsi, le gouverneur de la province de Safi, Lahoucine Chaynane a effectu\u00e9 une visite de terrain pour s\u2019informer de l\u2019\u00e9tat d\u2019avancement des travaux de ce centre, qui a atteint 40% et qui sera op\u00e9rationnel \u00e0 partir de janvier 2021.<\/p>\n<p>Le budget allou\u00e9 \u00e0 la construction de ce centre s\u2019\u00e9l\u00e8ve \u00e0 2,5 millions de DH, avec une contribution de 3 millions de DH de l\u2019INDH pour l\u2019\u00e9quipement de cet \u00e9tablissement hospitalier, alors que le Conseil communal de jema\u00e2t Shaim se chargera des frais de gestion de cette structure de sant\u00e9.<\/p>\n<p>Ce projet s\u2019assigne pour objectifs de diminuer les d\u00e9lais d\u2019attente, d\u2019all\u00e9ger la pression sur le seul centre d\u2019H\u00e9modialyse relevant de l\u2019h\u00f4pital provincial Mohammed V \u00e0 Safi et de rapprocher les services de soins de la population rurale.<\/p>\n<p>A cette occasion, le d\u00e9l\u00e9gu\u00e9 provincial du minist\u00e8re de la sant\u00e9 \u00e0 Safi, Abdelhakim Moustaid, a soulign\u00e9 que ce projet s\u2019inscrit dans le cadre d\u2019une vision permettant de doter chaque cercle d\u2019un p\u00f4le sanitaire int\u00e9gr\u00e9 qui comprend un centre de sant\u00e9 avec une maternit\u00e9, un service d\u2019urgences de proximit\u00e9 et un centre d\u2019h\u00e9modialyse.<\/p>\n<p>Dans une d\u00e9claration \u00e0 la MAP, il a relev\u00e9 que la D\u00e9l\u00e9gation Provinciale de la Sant\u00e9 (DPS) a contribu\u00e9 \u00e0 ce projet \u00e0 travers l\u2019acquisition du bien immobilier et la mobilisation des ressources humaines n\u00e9cessaires, notant que la capacit\u00e9 d\u2019accueil du centre atteindra 40 patients dans une premi\u00e8re phase, avec une possibilit\u00e9 d\u2019augmenter ce nombre.<\/p>\n<p>Ce nouveau centre \u00e9vitera aux malades atteints d\u2019insuffisance r\u00e9nale en milieu rural de se d\u00e9placer vers Safi ou bien Sidi Benour pour poursuivre les s\u00e9ances d\u2019h\u00e9modialyse, a-t-il indiqu\u00e9.<\/p>\n<p>Il a, ainsi, fait savoir que le nombre de patients d\u2019insuffisance r\u00e9nale pris en charge au niveau de la province est estim\u00e9 \u00e0 135, qui poursuivent leur traitement \u00e0 l\u2019h\u00f4pital provincial, outre 70 autres malades qui sont pris en charge par des centres priv\u00e9s, dans le cadre d\u2019une op\u00e9ration men\u00e9e par la d\u00e9l\u00e9gation.<\/p>\n<p>Le centre d\u2019h\u00e9modialyse \u00e0 Jem\u00e2at Shaim s\u2019inscrit dans le cadre de l\u2019am\u00e9lioration de l\u2019offre de soins dans la province de Safi. Il vient s\u2019ajouter aux grands projets de sant\u00e9 dans la r\u00e9gion, dont la r\u00e9habilitation de l\u2019h\u00f4pital provincial Mohammed V et la construction et l\u2019\u00e9quipement d\u2019une clinique psychiatrique.<\/p>\n<p>Dans le cadre du programme de r\u00e9duction des disparit\u00e9s territoriales, il a \u00e9t\u00e9 d\u00e9cid\u00e9 de programmer une op\u00e9ration pour la restauration, l\u2019\u00e9largissement et l\u2019\u00e9quipement de 12 centres de sant\u00e9 dans la province, avec un financement du Fonds de D\u00e9veloppement Rural, outre la construction d\u2019un autre centre d\u2019h\u00e9modialyse \u00e0 la commune Sebt Gzoula, avec une capacit\u00e9 d\u2019accueil de 70 patients, gr\u00e2ce \u00e0 un partenariat conclu entre le Conseil de la r\u00e9gion et la Fondation qatarie de Bienfaisance Jassim et Hamad Bin Jassim.<\/p>\n<\/div>\n<p>Auteur: Meriem IGASS<br \/>\n<a href=\"http:\/\/www.mapmarrakech.ma\/fr\/mise-en-place-dun-centre-dhemodialyse\/\">Cliquez ici pour lire l&rsquo;article depuis sa source.<\/a><\/p>\n","protected":false},"excerpt":{"rendered":"<p>Safi \u2013 L\u2019offre de sant\u00e9 au niveau de la province de Safi va se renforcer, avec la mise en place, \u00e0 la commune Jem\u00e2at Sha\u00efm, d\u2019un Centre d\u2019H\u00e9modialyse, et ce en vue d\u2019am\u00e9liorer l\u2019acc\u00e8s aux soins au profit des patients souffrant d\u2019insuffisance r\u00e9nale \u00e9tablis dans le monde rural. Ce projet s\u2019inscrit dans le cadre des [&hellip;]<\/p>\n","protected":false},"author":1788,"featured_media":0,"comment_status":"closed","ping_status":"closed","sticky":false,"template":"","format":"standard","meta":{"fifu_image_url":"","fifu_image_alt":"","footnotes":""},"categories":[54,76],"tags":[],"class_list":["post-88926","post","type-post","status-publish","format-standard","hentry","category-maroc","category-regions"],"_links":{"self":[{"href":"https:\/\/linitiative.ca\/International\/wp-json\/wp\/v2\/posts\/88926","targetHints":{"allow":["GET"]}}],"collection":[{"href":"https:\/\/linitiative.ca\/International\/wp-json\/wp\/v2\/posts"}],"about":[{"href":"https:\/\/linitiative.ca\/International\/wp-json\/wp\/v2\/types\/post"}],"author":[{"embeddable":true,"href":"https:\/\/linitiative.ca\/International\/wp-json\/wp\/v2\/users\/1788"}],"replies":[{"embeddable":true,"href":"https:\/\/linitiative.ca\/International\/wp-json\/wp\/v2\/comments?post=88926"}],"version-history":[{"count":0,"href":"https:\/\/linitiative.ca\/International\/wp-json\/wp\/v2\/posts\/88926\/revisions"}],"wp:attachment":[{"href":"https:\/\/linitiative.ca\/International\/wp-json\/wp\/v2\/media?parent=88926"}],"wp:term":[{"taxonomy":"category","embeddable":true,"href":"https:\/\/linitiative.ca\/International\/wp-json\/wp\/v2\/categories?post=88926"},{"taxonomy":"post_tag","embeddable":true,"href":"https:\/\/linitiative.ca\/International\/wp-json\/wp\/v2\/tags?post=88926"}],"curies":[{"name":"wp","href":"https:\/\/api.w.org\/{rel}","templated":true}]}}