{"id":88929,"date":"2020-06-13T16:24:05","date_gmt":"2020-06-13T20:24:05","guid":{"rendered":"https:\/\/linitiative.ca\/International\/constitution-le-renforcement-des-droits-fondamentaux-et-des-libertes-publiques-souligne-a-tipasa\/"},"modified":"2020-06-13T16:24:05","modified_gmt":"2020-06-13T20:24:05","slug":"constitution-le-renforcement-des-droits-fondamentaux-et-des-libertes-publiques-souligne-a-tipasa","status":"publish","type":"post","link":"https:\/\/linitiative.ca\/International\/constitution-le-renforcement-des-droits-fondamentaux-et-des-libertes-publiques-souligne-a-tipasa\/","title":{"rendered":"Constitution: le renforcement des droits fondamentaux et des libert\u00e9s publiques soulign\u00e9 \u00e0 Tipasa"},"content":{"rendered":"<div readability=\"41\">\n<p>TIPASA- Le Professeur Benmihoub Cherif, membre du Conseil national de l&rsquo;ANIE (Autorit\u00e9 nationale ind\u00e9pendante des \u00e9lections), s\u2019est f\u00e9licit\u00e9, samedi \u00e0 Tipasa, de l\u2019introduction de 23 articles relatifs au renforcement des libert\u00e9s et des droits, au volet des droits fondamentaux et libert\u00e9s publiques, de l&rsquo;avant projet de r\u00e9vision constitutionnelle.<\/p>\n<\/div>\n<div readability=\"105\">\n<p>L\u2019introduction de 23 articles relatifs au renforcement des libert\u00e9s et des droits, au volet des droits fondamentaux et libert\u00e9s publiques, comme la protection des femmes, de l\u2019enfance, de la libert\u00e9 d\u2019expression, et de la libre initiative, entre autres, \u00ab\u00a0est un v\u00e9ritable acquis\u00a0\u00bb, a estim\u00e9 Pr. Benmihoub, qui est, \u00e9galement, expert en \u00e9conomie, en marge de l\u2019ouverture d\u2019une conf\u00e9rence intitul\u00e9e \u00ab\u00a0Lecture dans la premi\u00e8re mouture de l\u2019amendement constitutionnel\u00a0\u00bb.<\/p>\n<p>Il a, aussi, relev\u00e9 des dispositions \u00ab\u00a0positives\u00a0\u00bb concernant la \u00ab\u00a0libert\u00e9 des entreprises et du commerce\u00a0\u00bb, qui sont, a-t-il dit, les m\u00eames que celles contenues dans la Constitution de 1998, avant leur red\u00e9finition dans la Constitution de 2016, sous l\u2019axe de la \u00ab\u00a0libert\u00e9 de l\u2019investissement et du climat des affaires\u00a0\u00bb, a-t-il indiqu\u00e9.<\/p>\n<blockquote readability=\"19\">\n<p><em><strong>Par ailleurs, M. Benmihoub a soulign\u00e9 l\u2019\u00a0\u00bbimportance\u00a0\u00bb de la constitutionnalisation de l\u2019ANIE, tout en enregistrant, n\u00e9anmoins, un \u00ab\u00a0certain flou\u00a0\u00bb, a-t-il dit, concernant son \u00ab\u00a0ind\u00e9pendance, au volet financier et de gestion\u00a0\u00bb, plaidant pour \u00ab\u00a0des m\u00e9canismes l\u00e9gaux susceptibles de permettre un contr\u00f4le de l\u2019argent public mis \u00e0 la disposition de l\u2019ANIE, tout en la tenant hors de port\u00e9e de tout autre organisme, de fa\u00e7on \u00e0 renforcer son ind\u00e9pendance\u00a0\u00bb, a-t-il expliqu\u00e9.<\/strong><\/em><\/p>\n<\/blockquote>\n<p>Quant \u00e0 Mohamed Seghir Sa\u00e0daoui, membre de l\u2019ANIE, il a propos\u00e9 l\u2019introduction d\u2019un chapitre pour renforcer les missions de cette autorit\u00e9.<\/p>\n<p>\u00ab\u00a0Il est vrai que la constitutionnalisation de cette Autorit\u00e9 est un acquis historique, mais renforcer ses missions serait encore mieux\u00a0\u00bb, a estim\u00e9 ce docteur en Droit, proposant l\u2019introduction d\u2019un chapitre sous le titre \u00ab\u00a0m\u00e9canisme d\u2019organisation des \u00e9lections\u00a0\u00bb.<\/p>\n<blockquote readability=\"15\">\n<p><em>A noter l\u2019organisation de cette conf\u00e9rence \u00e0 l\u2019initiative de la section de l\u2019ANIE \u00e0 Tipasa, en pr\u00e9sence de membres du Conseil national de cette autorit\u00e9, et d\u2019experts du domaine, en \u00ab\u00a0vue de l\u2019enrichissement du d\u00e9bat en cours, sur la r\u00e9vision constitutionnelle, et de faire des propositions \u00e0 la Pr\u00e9sidence\u00a0\u00bb, comme indiqu\u00e9 par le d\u00e9l\u00e9gu\u00e9 de la wilaya, Zerkane Lhaouass.<\/em><\/p>\n<\/blockquote>\n<p>Le projet de r\u00e9vision constitutionnelle est \u00ab\u00a0historique pour b\u00e2tir l&rsquo;Alg\u00e9rie nouvelle, qui a toujours constitu\u00e9 une aspiration populaire\u00a0\u00bb, a-t-il ajout\u00e9.<\/p>\n<p>Apr\u00e8s son ouverture officielle, la conf\u00e9rence qui s\u2019est d\u00e9roul\u00e9e \u00e0 huis clos, a abord\u00e9 cinq axes principaux relatifs aux \u00ab\u00a0principes g\u00e9n\u00e9raux de la soci\u00e9t\u00e9, l\u2019amendement constitutionnel, et les r\u00e8gles de la transition\u00a0\u00bb, \u00ab\u00a0les droits fondamentaux, les libert\u00e9s g\u00e9n\u00e9rales et devoirs\u00a0\u00bb, \u00ab\u00a0organisation et \u00e9quilibre des pouvoirs\u00a0\u00bb, \u00ab\u00a0les institutions de contr\u00f4le\u00a0\u00bb, et \u00ab\u00a0les institutions consultatives\u00a0\u00bb.<\/p>\n<\/div>\n<p>Auteur:<br \/>\n<a href=\"http:\/\/www.aps.dz\/regions\/106156-constitution-le-renforcement-des-droits-fondamentaux-et-des-libertes-publiques-souligne-a-tipasa\">Cliquez ici pour lire l&rsquo;article depuis sa source.<\/a><\/p>\n","protected":false},"excerpt":{"rendered":"<p>TIPASA- Le Professeur Benmihoub Cherif, membre du Conseil national de l&rsquo;ANIE (Autorit\u00e9 nationale ind\u00e9pendante des \u00e9lections), s\u2019est f\u00e9licit\u00e9, samedi \u00e0 Tipasa, de l\u2019introduction de 23 articles relatifs au renforcement des libert\u00e9s et des droits, au volet des droits fondamentaux et libert\u00e9s publiques, de l&rsquo;avant projet de r\u00e9vision constitutionnelle. L\u2019introduction de 23 articles relatifs au renforcement [&hellip;]<\/p>\n","protected":false},"author":1790,"featured_media":0,"comment_status":"closed","ping_status":"closed","sticky":false,"template":"","format":"standard","meta":{"fifu_image_url":"","fifu_image_alt":"","footnotes":""},"categories":[53,76],"tags":[],"class_list":["post-88929","post","type-post","status-publish","format-standard","hentry","category-algerie","category-regions"],"_links":{"self":[{"href":"https:\/\/linitiative.ca\/International\/wp-json\/wp\/v2\/posts\/88929","targetHints":{"allow":["GET"]}}],"collection":[{"href":"https:\/\/linitiative.ca\/International\/wp-json\/wp\/v2\/posts"}],"about":[{"href":"https:\/\/linitiative.ca\/International\/wp-json\/wp\/v2\/types\/post"}],"author":[{"embeddable":true,"href":"https:\/\/linitiative.ca\/International\/wp-json\/wp\/v2\/users\/1790"}],"replies":[{"embeddable":true,"href":"https:\/\/linitiative.ca\/International\/wp-json\/wp\/v2\/comments?post=88929"}],"version-history":[{"count":0,"href":"https:\/\/linitiative.ca\/International\/wp-json\/wp\/v2\/posts\/88929\/revisions"}],"wp:attachment":[{"href":"https:\/\/linitiative.ca\/International\/wp-json\/wp\/v2\/media?parent=88929"}],"wp:term":[{"taxonomy":"category","embeddable":true,"href":"https:\/\/linitiative.ca\/International\/wp-json\/wp\/v2\/categories?post=88929"},{"taxonomy":"post_tag","embeddable":true,"href":"https:\/\/linitiative.ca\/International\/wp-json\/wp\/v2\/tags?post=88929"}],"curies":[{"name":"wp","href":"https:\/\/api.w.org\/{rel}","templated":true}]}}