{"id":88931,"date":"2020-06-14T07:51:45","date_gmt":"2020-06-14T11:51:45","guid":{"rendered":"https:\/\/linitiative.ca\/International\/tramway-constantine-lancement-des-essais-en-prevision-de-la-reprise-des-activites\/"},"modified":"2020-06-14T07:51:45","modified_gmt":"2020-06-14T11:51:45","slug":"tramway-constantine-lancement-des-essais-en-prevision-de-la-reprise-des-activites","status":"publish","type":"post","link":"https:\/\/linitiative.ca\/International\/tramway-constantine-lancement-des-essais-en-prevision-de-la-reprise-des-activites\/","title":{"rendered":"Tramway Constantine: lancement des essais en pr\u00e9vision de la reprise des activit\u00e9s"},"content":{"rendered":"<div readability=\"38\">\n<p><strong>CONSTANTINE &#8211; Les essaies techniques du tramway de Constantine, \u00e0 l\u2019arr\u00eat depuis trois mois dans le cadre des mesures de pr\u00e9vention contre la propagation du Covid-19, ont \u00e9t\u00e9 lanc\u00e9s dimanche en pr\u00e9vision de la reprise des activit\u00e9s, a-t-on appris aupr\u00e8s de la charg\u00e9e de communication des services locaux de la Soci\u00e9t\u00e9 d\u2019exploitation des tramways (SETRAM).<\/strong><\/p>\n<\/div>\n<div readability=\"71.625497215593\">\n<p>Ces essais techniques qui devront se poursuivre lundi s\u2019inscrivent dans le cadre des d\u00e9marches visant\u00a0 \u00e0 s\u2019assurer de la fiabilit\u00e9 de la totalit\u00e9 du tron\u00e7on de ce moyen urbain de transport avant l\u2019annonce de la reprise officielle des activit\u00e9s, a pr\u00e9cis\u00e9 \u00e0 l\u2019APS, Mme Ibtissem Ghimouz.<\/p>\n<p>Aussi, dans le cadre d\u2019un plan \u00ab\u00a0sp\u00e9cial\u00a0\u00bb \u00e9tabli par les services de cette soci\u00e9t\u00e9, en pr\u00e9vision de la reprise des activit\u00e9s, plus de 2.000 affiches de sensibilisation et d\u2019information sur les mesures de pr\u00e9vention contre le nouveau virus Covid 19, ont \u00e9t\u00e9 install\u00e9es \u00e0 l\u2019int\u00e9rieur du tramway de Constantine et \u00e0 travers ses stations, ont relev\u00e9 les m\u00eames services d\u00e9taillant que ces affiches sensibilisent\u00a0 les citoyens et oeuvrent \u00e0 contribuer\u00a0 \u00e0 freiner la contamination.\u00a0\u00a0\u00a0\u00a0<\/p>\n<blockquote readability=\"8\">\n<p><em><strong>\u00a0\u00a0\u00a0\u00a0\u00a0\u00a0\u00a0\u00a0 Les mesures de pr\u00e9vention contre cette pand\u00e9mie portent \u00e9galement sur le tra\u00e7age du sol \u00e0 travers toutes les stations et \u00e0 l\u2019int\u00e9rieur\u00a0 des cabines du tramway pour respecter la distanciation physique a-t-on encore not\u00e9 relevant que le nombre de passagers par rame sera r\u00e9duit et passera de\u00a0 420 \u00e0 90 personnes.<\/strong><\/em><\/p>\n<\/blockquote>\n<p>Il est pr\u00e9vu \u00e9galement, selon la m\u00eame source, le lancement\u00a0 d\u2019une vaste campagne de d\u00e9sinfection et d\u2019hygi\u00e8ne de l\u2019ensemble des rames, des kiosques de vente de tickets et des stations de ce moyen de transport urbain.<\/p>\n<hr\/>\n<h3 class=\"itemTitle\"><strong>Lire aussi: <a href=\"http:\/\/www.aps.dz\/economie\/106038-metro-tramway-plusieurs-mesures-sanitaires-adoptees-en-prevision-de-la-reprise-de-l-activite\" target=\"_blank\" rel=\"noopener noreferrer\">M\u00e9tro\/tramway: plusieurs mesures sanitaires adopt\u00e9es en pr\u00e9vision de la reprise de l&rsquo;activit\u00e9<\/a><\/strong><\/h3>\n<hr\/>\n<p>Les services SETRAM ont \u00e9galement affirm\u00e9 qu\u2019une fois les activit\u00e9s du tramway reprises, des op\u00e9rations quotidiennes de d\u00e9sinfection des rames \u00e0 leur arriv\u00e9e \u00e0 chaque station ainsi qu&rsquo;une d\u00e9sinfection totale en fin d\u2019exploitation, dans le cadre de la lutte contre la propagation du m\u00eame virus seront effectu\u00e9es.<\/p>\n<blockquote readability=\"11\">\n<p><em><strong>Des \u00e9quipes d\u2019agents de communication seront mobilis\u00e9s tout au long du circuit du tramway et \u00e0 l\u2019int\u00e9rieur des rames, afin d\u2019assurer l\u2019orientation des usagers et la gestion du trafic, a-t-on encore indiqu\u00e9 soulignant que des messages sonores autour des m\u00e9thodes pr\u00e9ventives notamment le port de masque, obligatoire pour tout usager du tramway et l\u2019utilisation du gel hydro alcoolique accompagneront la reprise des activit\u00e9s.<\/strong><\/em><\/p>\n<\/blockquote>\n<p>Pour rappel, le trac\u00e9 de ce moyen de transport en commun, s\u2019\u00e9tend de la station Benabdelmalek-Ramdane, au centre-ville de Constantine \u00e0 la station terminale Kadri Brahim de la circonscription administrative Ali Mendjeli sur une distance de 15 km.<\/p>\n<\/div>\n<p>Auteur:<br \/>\n<a href=\"http:\/\/www.aps.dz\/regions\/106168-tramway-constantine-lancement-des-essais-en-prevision-de-la-reprise-des-activites\">Cliquez ici pour lire l&rsquo;article depuis sa source.<\/a><\/p>\n","protected":false},"excerpt":{"rendered":"<p>CONSTANTINE &#8211; Les essaies techniques du tramway de Constantine, \u00e0 l\u2019arr\u00eat depuis trois mois dans le cadre des mesures de pr\u00e9vention contre la propagation du Covid-19, ont \u00e9t\u00e9 lanc\u00e9s dimanche en pr\u00e9vision de la reprise des activit\u00e9s, a-t-on appris aupr\u00e8s de la charg\u00e9e de communication des services locaux de la Soci\u00e9t\u00e9 d\u2019exploitation des tramways (SETRAM). [&hellip;]<\/p>\n","protected":false},"author":1790,"featured_media":0,"comment_status":"closed","ping_status":"closed","sticky":false,"template":"","format":"standard","meta":{"fifu_image_url":"","fifu_image_alt":"","footnotes":""},"categories":[53,76],"tags":[],"class_list":["post-88931","post","type-post","status-publish","format-standard","hentry","category-algerie","category-regions"],"_links":{"self":[{"href":"https:\/\/linitiative.ca\/International\/wp-json\/wp\/v2\/posts\/88931","targetHints":{"allow":["GET"]}}],"collection":[{"href":"https:\/\/linitiative.ca\/International\/wp-json\/wp\/v2\/posts"}],"about":[{"href":"https:\/\/linitiative.ca\/International\/wp-json\/wp\/v2\/types\/post"}],"author":[{"embeddable":true,"href":"https:\/\/linitiative.ca\/International\/wp-json\/wp\/v2\/users\/1790"}],"replies":[{"embeddable":true,"href":"https:\/\/linitiative.ca\/International\/wp-json\/wp\/v2\/comments?post=88931"}],"version-history":[{"count":0,"href":"https:\/\/linitiative.ca\/International\/wp-json\/wp\/v2\/posts\/88931\/revisions"}],"wp:attachment":[{"href":"https:\/\/linitiative.ca\/International\/wp-json\/wp\/v2\/media?parent=88931"}],"wp:term":[{"taxonomy":"category","embeddable":true,"href":"https:\/\/linitiative.ca\/International\/wp-json\/wp\/v2\/categories?post=88931"},{"taxonomy":"post_tag","embeddable":true,"href":"https:\/\/linitiative.ca\/International\/wp-json\/wp\/v2\/tags?post=88931"}],"curies":[{"name":"wp","href":"https:\/\/api.w.org\/{rel}","templated":true}]}}