{"id":88933,"date":"2020-06-14T11:38:21","date_gmt":"2020-06-14T15:38:21","guid":{"rendered":"https:\/\/linitiative.ca\/International\/emigration-clandestine-demantelement-dun-reseau-de-passeurs-clandestins-a-chlef\/"},"modified":"2020-06-14T11:38:21","modified_gmt":"2020-06-14T15:38:21","slug":"emigration-clandestine-demantelement-dun-reseau-de-passeurs-clandestins-a-chlef","status":"publish","type":"post","link":"https:\/\/linitiative.ca\/International\/emigration-clandestine-demantelement-dun-reseau-de-passeurs-clandestins-a-chlef\/","title":{"rendered":"Emigration clandestine: d\u00e9mant\u00e8lement d\u2019un r\u00e9seau de passeurs clandestins \u00e0 Chlef"},"content":{"rendered":"<div readability=\"39\">\n<p><strong>CHLEF- Les \u00e9l\u00e9ments de la s\u00fbret\u00e9 de da\u00efra d\u2019Ain Mrane (45 km au Nord-ouest de Chlef) ont d\u00e9mantel\u00e9 un r\u00e9seau national sp\u00e9cialis\u00e9 dans l\u2019organisation d\u2019op\u00e9rations d\u2019\u00e9migration clandestine, avec l\u2019arrestation de six personnes, a-t-on appris, dimanche, aupr\u00e8s de la cellule de communication et d\u2019information de la s\u00fbret\u00e9 de wilaya.<\/strong><\/p>\n<\/div>\n<div readability=\"63\">\n<p>\u00ab\u00a0Dans le cadre des efforts de lutte contre le ph\u00e9nom\u00e8ne de l\u2019\u00e9migration clandestine, un r\u00e9seau national de passeurs clandestins a \u00e9t\u00e9 d\u00e9mantel\u00e9 par les services de la s\u00fbret\u00e9 de da\u00efra d\u2019Ain Mrane, avec l\u2019arrestation de six individus \u00ab\u00a0, a indiqu\u00e9 \u00e0 l\u2019APS, le charg\u00e9 de la communication aupr\u00e8s de ce corps s\u00e9curitaire, le commissaire de police Cherif Ankoud.<\/p>\n<blockquote readability=\"9\">\n<p><em><strong>Ajoutant que l\u2019op\u00e9ration a \u00e9t\u00e9 r\u00e9alis\u00e9e gr\u00e2ce \u00e0 des informations parvenues aux services suscit\u00e9s, portant sur un groupe d\u2019individus organisant des op\u00e9rations d\u2019\u00e9migration clandestine, \u00e0 partir des plages de Tlemcen.<\/strong><\/em><\/p>\n<\/blockquote>\n<p>Les investigations men\u00e9es \u00e0 ce propos, ont permis, est-il pr\u00e9cis\u00e9, \u00a0\u00bb l\u2019identification de la t\u00eate pensante du r\u00e9seau, et de cinq de ses complices, originaires des wilayas de Chlef et Tlemcen, tous arr\u00eat\u00e9s et transf\u00e9r\u00e9s au si\u00e8ge de la brigade pour la poursuite de l\u2019enqu\u00eate \u00ab\u00a0, est-il signal\u00e9 de m\u00eame source.<\/p>\n<blockquote readability=\"9\">\n<p><em><strong>Les six suspects, \u00e2g\u00e9s entre 25 \u00e0 44 ans, ont \u00e9t\u00e9 pr\u00e9sent\u00e9s devant le tribunal de Boukadir ( 25 km \u00e0 l\u2019ouest de Chlef ) pour les chefs d\u2019inculpation de \u00a0\u00bb constitution d\u2019une association de malfaiteurs dans le but d\u2019un trafic illicite de migrants clandestins \u00ab\u00a0.<\/strong><\/em><\/p>\n<\/blockquote>\n<p>Le juge d\u2019instruction a \u00e9mis un mandat de d\u00e9p\u00f4t \u00e0 l\u2019encontre de quatre parmi eux, au moment ou les deux autres ont \u00e9t\u00e9 plac\u00e9s sous contr\u00f4le judiciaire, a -t-on conclu.<\/p>\n<\/div>\n<p>Auteur:<br \/>\n<a href=\"http:\/\/www.aps.dz\/regions\/106175-emigration-clandestine-demantelement-d-un-reseau-de-passeurs-clandestins-a-chlef\">Cliquez ici pour lire l&rsquo;article depuis sa source.<\/a><\/p>\n","protected":false},"excerpt":{"rendered":"<p>CHLEF- Les \u00e9l\u00e9ments de la s\u00fbret\u00e9 de da\u00efra d\u2019Ain Mrane (45 km au Nord-ouest de Chlef) ont d\u00e9mantel\u00e9 un r\u00e9seau national sp\u00e9cialis\u00e9 dans l\u2019organisation d\u2019op\u00e9rations d\u2019\u00e9migration clandestine, avec l\u2019arrestation de six personnes, a-t-on appris, dimanche, aupr\u00e8s de la cellule de communication et d\u2019information de la s\u00fbret\u00e9 de wilaya. \u00ab\u00a0Dans le cadre des efforts de lutte [&hellip;]<\/p>\n","protected":false},"author":1790,"featured_media":0,"comment_status":"closed","ping_status":"closed","sticky":false,"template":"","format":"standard","meta":{"fifu_image_url":"","fifu_image_alt":"","footnotes":""},"categories":[53,76],"tags":[],"class_list":["post-88933","post","type-post","status-publish","format-standard","hentry","category-algerie","category-regions"],"_links":{"self":[{"href":"https:\/\/linitiative.ca\/International\/wp-json\/wp\/v2\/posts\/88933","targetHints":{"allow":["GET"]}}],"collection":[{"href":"https:\/\/linitiative.ca\/International\/wp-json\/wp\/v2\/posts"}],"about":[{"href":"https:\/\/linitiative.ca\/International\/wp-json\/wp\/v2\/types\/post"}],"author":[{"embeddable":true,"href":"https:\/\/linitiative.ca\/International\/wp-json\/wp\/v2\/users\/1790"}],"replies":[{"embeddable":true,"href":"https:\/\/linitiative.ca\/International\/wp-json\/wp\/v2\/comments?post=88933"}],"version-history":[{"count":0,"href":"https:\/\/linitiative.ca\/International\/wp-json\/wp\/v2\/posts\/88933\/revisions"}],"wp:attachment":[{"href":"https:\/\/linitiative.ca\/International\/wp-json\/wp\/v2\/media?parent=88933"}],"wp:term":[{"taxonomy":"category","embeddable":true,"href":"https:\/\/linitiative.ca\/International\/wp-json\/wp\/v2\/categories?post=88933"},{"taxonomy":"post_tag","embeddable":true,"href":"https:\/\/linitiative.ca\/International\/wp-json\/wp\/v2\/tags?post=88933"}],"curies":[{"name":"wp","href":"https:\/\/api.w.org\/{rel}","templated":true}]}}