{"id":88939,"date":"2020-06-14T10:30:00","date_gmt":"2020-06-14T14:30:00","guid":{"rendered":"https:\/\/linitiative.ca\/International\/les-a-g-evaluative-et-elective-auront-lieu-entre-le-16-et-le-18-juillet-prochain\/"},"modified":"2020-06-14T10:30:00","modified_gmt":"2020-06-14T14:30:00","slug":"les-a-g-evaluative-et-elective-auront-lieu-entre-le-16-et-le-18-juillet-prochain","status":"publish","type":"post","link":"https:\/\/linitiative.ca\/International\/les-a-g-evaluative-et-elective-auront-lieu-entre-le-16-et-le-18-juillet-prochain\/","title":{"rendered":"Les A.G.\u00e9valuative et \u00e9lective auront lieu  entre le 16 et le 18 juillet prochain"},"content":{"rendered":"<p class=\"p1 c3\"><span class=\"c2\">Le secr\u00e9taire\u00a0g\u00e9n\u00e9ral du club \u2018Noir et Blanc\u2019\u00a0 Sami Bousarsir a indiqu\u00e9 vendredi dernier sur les ondes de Radio Diwan FM\u00a0 que les deux\u00a0assembl\u00e9es \u00e9valuative\u00a0et \u00e9lective du CSS se tiendront entre le 16 et le 18 juillet prochain et que c\u2019est ma\u00eetre\u00a0Chafik Gdoura qui a \u00e9t\u00e9 d\u00e9sign\u00e9 \u00e0 la t\u00eate du comit\u00e9 ind\u00e9pendant qui aura la charge\u00a0de superviser les \u00e9lections du nouveau bureau directeur et de veiller \u00e0 leur bon d\u00e9roulement.\u00a0<\/span><\/p>\n<p class=\"p1 c3\"><span class=\"c2\">Le responsable sfaxien a, par ailleurs, soulign\u00e9 que le local qui abritera le stravaux des deux assembl\u00e9es sera d\u00e9sign\u00e9 ult\u00e9rieurement en concertation avec le minist\u00e8re de la sant\u00e9 publique; Concernant la date de l\u2019ouverture du d\u00e9p\u00f4t des candidature,Sami Bousarsar a fait savoir qu\u2019elle sera fix\u00e9e d\u00e8s la d\u00e9signation de la date des deux assembl\u00e9es par le bureau directeur sortant.<\/span><\/p>\n<p class=\"p2 c4\"><span class=\"c2\"><strong>Fin du premier volet de la pr\u00e9paration<\/strong><\/span><\/p>\n<p class=\"p3 c5\">\u00a0<\/p>\n<p class=\"p1 c3\"><span class=\"c2\">Le CSS ach\u00e8vera ce weekend le premier volet de sa pr\u00e9paration qu\u2019il a entam\u00e9e le 4 juin selon un\u00a0 protocole sanitaire strict, \u00e9tabli conjointement par la FTF et le minist\u00e8re de la sant\u00e9, volet consacr\u00e9 int\u00e9gralement \u00e0 la mise en condition physique. L\u2019ensemble sfaxien\u00a0 devra poursuivre \u00e0 partir de la semaine prochaine ses pr\u00e9paratifs en pr\u00e9vision de la reprise du championnat dans le cadre d\u2019un stage \u00e0 Sousse. Ce rassemblement sera meubl\u00e9 par un match amical pr\u00e9vu le samedi 20 juin contre\u00a0 l\u2019Etoile du Sahel.<\/span><\/p>\n<p class=\"p2 c4\"><span class=\"c2\"><strong>Deux ann\u00e9es suppl\u00e9mentaires<span class=\"Apple-converted-space\">\u00a0<\/span><\/strong><\/span><\/p>\n<p class=\"p2 c4\"><span class=\"c2\"><strong>pour\u00a0 Houssam Ben Ali<\/strong><\/span><\/p>\n<p class=\"p1 c3\"><span class=\"c2\">Le dernier en date \u00e0 avoir rempil\u00e9 avec son club fut le milieu offensif, Aymen Harzi. C\u2019est autour de son co\u00e9quipier, Houssam Ben Ali, de lui emboiter incessamment le pas. En effet, nous apprenons de source bien inform\u00e9e que le CSS est parvenu \u00e0 un accord avec ce joueur en vertu duquel ce dernier\u00a0 prolongera son contrat pour deux ann\u00e9es suppl\u00e9mentaires.<\/span><\/p>\n<p class=\"p3 c5\">\u00a0<\/p>\n<p class=\"p1 c3\"><span class=\"c2\"><strong>Le CSS, sous le coup d&rsquo;une double interdiction de recrutement<\/strong><\/span><\/p>\n<p class=\"p1 c3\"><span class=\"c2\">\u00a0CSS est actuellement sous le coup d\u2019une double interdiction de recrutement de recrutement. La premi\u00e8re a \u00e9t\u00e9 d\u00e9cid\u00e9 \u00e0 son encontre par le TAS pour non paiement d\u2019un montant de la somme de 49 mille euros au profit de son ex entra\u00eeneur adjoint le Portugais Jos\u00e9 Suza. La deuxi\u00e8me interdiction a \u00e9man\u00e9 de la FTF pour non versement des arri\u00e9r\u00e9s de l\u2019ex directeur sporitf\u00a0 du CSS Abdelhak el Alaimi, celui-ci ayant assum\u00e9 cette fonction depuis novembre 2016<span class=\"Apple-converted-space\">\u00a0<\/span> jusqu\u2019avril 2018<\/span><\/p>\n<p class=\"p4 c6\"><span class=\"c2\"><strong>Ameur KERKENNI<\/strong><\/span><\/p>\n<p>Auteur: letemps1<br \/>\n<a href=\"http:\/\/www.letemps.com.tn\/article\/114823\/les-ag%C3%A9valuative-et-%C3%A9lective-auront-lieu-entre-le-16-et-le-18-juillet-prochain\">Cliquez ici pour lire l&rsquo;article depuis sa source.<\/a><\/p>\n","protected":false},"excerpt":{"rendered":"<p>Le secr\u00e9taire\u00a0g\u00e9n\u00e9ral du club \u2018Noir et Blanc\u2019\u00a0 Sami Bousarsir a indiqu\u00e9 vendredi dernier sur les ondes de Radio Diwan FM\u00a0 que les deux\u00a0assembl\u00e9es \u00e9valuative\u00a0et \u00e9lective du CSS se tiendront entre le 16 et le 18 juillet prochain et que c\u2019est ma\u00eetre\u00a0Chafik Gdoura qui a \u00e9t\u00e9 d\u00e9sign\u00e9 \u00e0 la t\u00eate du comit\u00e9 ind\u00e9pendant qui aura la [&hellip;]<\/p>\n","protected":false},"author":1773,"featured_media":0,"comment_status":"closed","ping_status":"closed","sticky":false,"template":"","format":"standard","meta":{"fifu_image_url":"","fifu_image_alt":"","footnotes":""},"categories":[73,55],"tags":[],"class_list":["post-88939","post","type-post","status-publish","format-standard","hentry","category-actualite","category-tunisie"],"_links":{"self":[{"href":"https:\/\/linitiative.ca\/International\/wp-json\/wp\/v2\/posts\/88939","targetHints":{"allow":["GET"]}}],"collection":[{"href":"https:\/\/linitiative.ca\/International\/wp-json\/wp\/v2\/posts"}],"about":[{"href":"https:\/\/linitiative.ca\/International\/wp-json\/wp\/v2\/types\/post"}],"author":[{"embeddable":true,"href":"https:\/\/linitiative.ca\/International\/wp-json\/wp\/v2\/users\/1773"}],"replies":[{"embeddable":true,"href":"https:\/\/linitiative.ca\/International\/wp-json\/wp\/v2\/comments?post=88939"}],"version-history":[{"count":0,"href":"https:\/\/linitiative.ca\/International\/wp-json\/wp\/v2\/posts\/88939\/revisions"}],"wp:attachment":[{"href":"https:\/\/linitiative.ca\/International\/wp-json\/wp\/v2\/media?parent=88939"}],"wp:term":[{"taxonomy":"category","embeddable":true,"href":"https:\/\/linitiative.ca\/International\/wp-json\/wp\/v2\/categories?post=88939"},{"taxonomy":"post_tag","embeddable":true,"href":"https:\/\/linitiative.ca\/International\/wp-json\/wp\/v2\/tags?post=88939"}],"curies":[{"name":"wp","href":"https:\/\/api.w.org\/{rel}","templated":true}]}}