{"id":88941,"date":"2020-06-14T15:14:01","date_gmt":"2020-06-14T19:14:01","guid":{"rendered":"https:\/\/linitiative.ca\/International\/pros-milan-ac-une-clause-liberatoire-valable-des-cet-ete-pour-bennacer\/"},"modified":"2020-06-14T15:14:01","modified_gmt":"2020-06-14T19:14:01","slug":"pros-milan-ac-une-clause-liberatoire-valable-des-cet-ete-pour-bennacer","status":"publish","type":"post","link":"https:\/\/linitiative.ca\/International\/pros-milan-ac-une-clause-liberatoire-valable-des-cet-ete-pour-bennacer\/","title":{"rendered":"Pros : Milan AC: une clause lib\u00e9ratoire valable d\u00e8s cet \u00e9t\u00e9 pour Bennacer ?"},"content":{"rendered":"<div readability=\"32\">\n<p>Auteur : <span class=\"time\">dimanche 14 juin 2020 15:28<\/span><\/p>\n<\/div>\n<div id=\"post_core\" readability=\"49\">\n<p>Brillant durant la Coupe d&rsquo;Afrique des Nations avec l&rsquo;Alg\u00e9rie, Isma\u00ebl Bennacer continue sur sa lanc\u00e9e cette saison du c\u00f4t\u00e9 de l&rsquo;AC Milan. Arriv\u00e9 en provenance d\u2019Empoli il y a tout juste un an, le natif d\u2019Arles impressionne l\u2019Italie de par sa constance et ses performances. De quoi attirer l&rsquo;attention des plus grands clubs europ\u00e9ens. Malheureusement, le milieu de terrain du Milan est consid\u00e9r\u00e9 comme intransf\u00e9rable par le futur entra\u00eeneur Ralf Rangnick, lune chose est certaine, l\u2019ancien joueur d\u2019Arsenal sera l&rsquo;une des attractions principales de ce mercato estival. Pour s&rsquo;attacher ses services, les clubs devront d\u00e9bourser 50 millions d&rsquo;euros, soit le montant de sa clause lib\u00e9ratoire. Probl\u00e8me, tout le monde se demande si celle-ci est valable d\u00e8s cet \u00e9t\u00e9 ou bien en 2021. Si tous les m\u00e9dias transalpins sp\u00e9cialis\u00e9s sur le mercato ont r\u00e9cemment publi\u00e9 de fa\u00e7on pratiquement simultan\u00e9e des informations tr\u00e8s similaires concernant une clause valable \u00e0 partir de 2021, il semblerait que le montant de 50M d\u2019euros soit suffisant pour enr\u00f4ler l\u2019international alg\u00e9rien. Et les pr\u00e9tendants ne se font pas attendre. En effet, Manchester City, Manchester United, le Real Madrid mais \u00e9galement le PSG seraient pr\u00eats \u00e0 payer le prix pour avoir le champion d\u2019Afrique dans leurs rangs la saison prochaine. En qu\u00eate d\u2019un milieu de terrain, le propri\u00e9taire du PSG aimerait enr\u00f4ler le joueur de 22 ans dans la capitale fran\u00e7aise, et jouirait notamment d&rsquo;excellentes relations avec son repr\u00e9sentant Moussa Sissoko rapporte OnzeMondial.com.<\/p>\n<p><strong>Publi\u00e9 dans :<\/strong> <span>BENNACER<\/span><\/p>\n<\/div>\n<p>Auteur:<br \/>\n<a href=\"http:\/\/www.lebuteur.com\/article\/detail?titre=milan-ac-une-clause-liberatoire-valable-des-cet-ete-pour-bennacer&#038;id=96244&#038;utm_source=feedburner&#038;utm_medium=feed&#038;utm_campaign=Feed%3A+GalerieFArtciles+%28Les+derniers+articles++-+lebuteur.com%29\">Cliquez ici pour lire l&rsquo;article depuis sa source.<\/a><\/p>\n","protected":false},"excerpt":{"rendered":"<p>Auteur : dimanche 14 juin 2020 15:28 Brillant durant la Coupe d&rsquo;Afrique des Nations avec l&rsquo;Alg\u00e9rie, Isma\u00ebl Bennacer continue sur sa lanc\u00e9e cette saison du c\u00f4t\u00e9 de l&rsquo;AC Milan. Arriv\u00e9 en provenance d\u2019Empoli il y a tout juste un an, le natif d\u2019Arles impressionne l\u2019Italie de par sa constance et ses performances. De quoi attirer [&hellip;]<\/p>\n","protected":false},"author":1738,"featured_media":88942,"comment_status":"closed","ping_status":"closed","sticky":false,"template":"","format":"standard","meta":{"fifu_image_url":"","fifu_image_alt":"","footnotes":""},"categories":[53,75],"tags":[],"class_list":["post-88941","post","type-post","status-publish","format-standard","has-post-thumbnail","hentry","category-algerie","category-sport"],"_links":{"self":[{"href":"https:\/\/linitiative.ca\/International\/wp-json\/wp\/v2\/posts\/88941","targetHints":{"allow":["GET"]}}],"collection":[{"href":"https:\/\/linitiative.ca\/International\/wp-json\/wp\/v2\/posts"}],"about":[{"href":"https:\/\/linitiative.ca\/International\/wp-json\/wp\/v2\/types\/post"}],"author":[{"embeddable":true,"href":"https:\/\/linitiative.ca\/International\/wp-json\/wp\/v2\/users\/1738"}],"replies":[{"embeddable":true,"href":"https:\/\/linitiative.ca\/International\/wp-json\/wp\/v2\/comments?post=88941"}],"version-history":[{"count":0,"href":"https:\/\/linitiative.ca\/International\/wp-json\/wp\/v2\/posts\/88941\/revisions"}],"wp:featuredmedia":[{"embeddable":true,"href":"https:\/\/linitiative.ca\/International\/wp-json\/"}],"wp:attachment":[{"href":"https:\/\/linitiative.ca\/International\/wp-json\/wp\/v2\/media?parent=88941"}],"wp:term":[{"taxonomy":"category","embeddable":true,"href":"https:\/\/linitiative.ca\/International\/wp-json\/wp\/v2\/categories?post=88941"},{"taxonomy":"post_tag","embeddable":true,"href":"https:\/\/linitiative.ca\/International\/wp-json\/wp\/v2\/tags?post=88941"}],"curies":[{"name":"wp","href":"https:\/\/api.w.org\/{rel}","templated":true}]}}