{"id":88943,"date":"2020-06-14T15:14:04","date_gmt":"2020-06-14T19:14:04","guid":{"rendered":"https:\/\/linitiative.ca\/International\/pros-la-fiorentina-insiste-pour-fares\/"},"modified":"2020-06-14T15:14:04","modified_gmt":"2020-06-14T19:14:04","slug":"pros-la-fiorentina-insiste-pour-fares","status":"publish","type":"post","link":"https:\/\/linitiative.ca\/International\/pros-la-fiorentina-insiste-pour-fares\/","title":{"rendered":"Pros : La Fiorentina insiste pour Fares"},"content":{"rendered":"<div readability=\"32\">\n<p>Auteur : <span>Riad Ouenzar<\/span> <span class=\"time\">dimanche 14 juin 2020 15:42<\/span><\/p>\n<\/div>\n<div id=\"post_core\" readability=\"39\">\n<p>A en croire le m\u00e9dia italien, La Nazione, la direction de la Fiorentina continue d\u2019insister pour s\u2019attacher les services du lat\u00e9ral gauche Alg\u00e9rien, Mohamed Fares. La m\u00eame source ajoute que le nom de Fares figure en t\u00eate de la liste des joueurs susceptibles de renforcer les rangs de la Viola cet \u00e9t\u00e9. Rappelons que la Fiorentina n\u2019est pas le seul club interf\u00e9rasse par le recrutement de Fares. Plusieurs autres clubs ont affich\u00e9 le souhait de s\u2019offrir \u00e9galement ses services \u00e0 l\u2019instar de Torino, l\u2019AS Rome et le Napoli.<\/p>\n<p><strong>Publi\u00e9 dans :<\/strong> <span>Fares<\/span><\/p>\n<\/div>\n<p>Auteur:<br \/>\n<a href=\"http:\/\/www.lebuteur.com\/article\/detail?titre=la-fiorentina-insiste-pour-fares&#038;id=96245&#038;utm_source=feedburner&#038;utm_medium=feed&#038;utm_campaign=Feed%3A+GalerieFArtciles+%28Les+derniers+articles++-+lebuteur.com%29\">Cliquez ici pour lire l&rsquo;article depuis sa source.<\/a><\/p>\n","protected":false},"excerpt":{"rendered":"<p>Auteur : Riad Ouenzar dimanche 14 juin 2020 15:42 A en croire le m\u00e9dia italien, La Nazione, la direction de la Fiorentina continue d\u2019insister pour s\u2019attacher les services du lat\u00e9ral gauche Alg\u00e9rien, Mohamed Fares. La m\u00eame source ajoute que le nom de Fares figure en t\u00eate de la liste des joueurs susceptibles de renforcer les [&hellip;]<\/p>\n","protected":false},"author":1738,"featured_media":88944,"comment_status":"closed","ping_status":"closed","sticky":false,"template":"","format":"standard","meta":{"fifu_image_url":"","fifu_image_alt":"","footnotes":""},"categories":[53,75],"tags":[],"class_list":["post-88943","post","type-post","status-publish","format-standard","has-post-thumbnail","hentry","category-algerie","category-sport"],"_links":{"self":[{"href":"https:\/\/linitiative.ca\/International\/wp-json\/wp\/v2\/posts\/88943","targetHints":{"allow":["GET"]}}],"collection":[{"href":"https:\/\/linitiative.ca\/International\/wp-json\/wp\/v2\/posts"}],"about":[{"href":"https:\/\/linitiative.ca\/International\/wp-json\/wp\/v2\/types\/post"}],"author":[{"embeddable":true,"href":"https:\/\/linitiative.ca\/International\/wp-json\/wp\/v2\/users\/1738"}],"replies":[{"embeddable":true,"href":"https:\/\/linitiative.ca\/International\/wp-json\/wp\/v2\/comments?post=88943"}],"version-history":[{"count":0,"href":"https:\/\/linitiative.ca\/International\/wp-json\/wp\/v2\/posts\/88943\/revisions"}],"wp:featuredmedia":[{"embeddable":true,"href":"https:\/\/linitiative.ca\/International\/wp-json\/"}],"wp:attachment":[{"href":"https:\/\/linitiative.ca\/International\/wp-json\/wp\/v2\/media?parent=88943"}],"wp:term":[{"taxonomy":"category","embeddable":true,"href":"https:\/\/linitiative.ca\/International\/wp-json\/wp\/v2\/categories?post=88943"},{"taxonomy":"post_tag","embeddable":true,"href":"https:\/\/linitiative.ca\/International\/wp-json\/wp\/v2\/tags?post=88943"}],"curies":[{"name":"wp","href":"https:\/\/api.w.org\/{rel}","templated":true}]}}