{"id":88945,"date":"2020-06-14T15:14:06","date_gmt":"2020-06-14T19:14:06","guid":{"rendered":"https:\/\/linitiative.ca\/International\/pros-le-betis-seville-reprend-les-negociations-avec-mandi\/"},"modified":"2020-06-14T15:14:06","modified_gmt":"2020-06-14T19:14:06","slug":"pros-le-betis-seville-reprend-les-negociations-avec-mandi","status":"publish","type":"post","link":"https:\/\/linitiative.ca\/International\/pros-le-betis-seville-reprend-les-negociations-avec-mandi\/","title":{"rendered":"Pros : Le B\u00e9tis S\u00e9ville reprend les n\u00e9gociations avec Mandi"},"content":{"rendered":"<div readability=\"32\">\n<p>Auteur : <span>Riad Ouenzar<\/span> <span class=\"time\">dimanche 14 juin 2020 15:43<\/span><\/p>\n<\/div>\n<div id=\"post_core\" readability=\"39\">\n<p>La direction du B\u00e9tis S\u00e9ville a repris les n\u00e9gociations avec son joueur Alg\u00e9rien, Aissa Mandi afin de le convaincre de prolonger son contrat avec le club andalou. Selon le m\u00e9dia espagnol, Estadio Deportivo, les dirigeants du B\u00e9tis S\u00e9ville esp\u00e8rent convaincre Mandi de prolonger son contrat de trois saisons suppl\u00e9mentaires. Les responsables du club Andalou veulent \u00e9galement augmenter la clause lib\u00e9ratoire du joueur Alg\u00e9rien \u00e0 50 millions d\u2019euros. Rappelons que Mandi serait dans le viseur de plusieurs formations europ\u00e9ennes telles que l\u2019Atl\u00e9tico Madrid, le FC Barcelone et l\u2019O Marseille.<\/p>\n<p><strong>Publi\u00e9 dans :<\/strong> <span>Mandi<\/span><\/p>\n<\/div>\n<p>Auteur:<br \/>\n<a href=\"http:\/\/www.lebuteur.com\/article\/detail?titre=le-betis-seville-reprend-les-negociations-avec-mandi&#038;id=96246&#038;utm_source=feedburner&#038;utm_medium=feed&#038;utm_campaign=Feed%3A+GalerieFArtciles+%28Les+derniers+articles++-+lebuteur.com%29\">Cliquez ici pour lire l&rsquo;article depuis sa source.<\/a><\/p>\n","protected":false},"excerpt":{"rendered":"<p>Auteur : Riad Ouenzar dimanche 14 juin 2020 15:43 La direction du B\u00e9tis S\u00e9ville a repris les n\u00e9gociations avec son joueur Alg\u00e9rien, Aissa Mandi afin de le convaincre de prolonger son contrat avec le club andalou. Selon le m\u00e9dia espagnol, Estadio Deportivo, les dirigeants du B\u00e9tis S\u00e9ville esp\u00e8rent convaincre Mandi de prolonger son contrat de [&hellip;]<\/p>\n","protected":false},"author":1738,"featured_media":88946,"comment_status":"closed","ping_status":"closed","sticky":false,"template":"","format":"standard","meta":{"fifu_image_url":"","fifu_image_alt":"","footnotes":""},"categories":[53,75],"tags":[],"class_list":["post-88945","post","type-post","status-publish","format-standard","has-post-thumbnail","hentry","category-algerie","category-sport"],"_links":{"self":[{"href":"https:\/\/linitiative.ca\/International\/wp-json\/wp\/v2\/posts\/88945","targetHints":{"allow":["GET"]}}],"collection":[{"href":"https:\/\/linitiative.ca\/International\/wp-json\/wp\/v2\/posts"}],"about":[{"href":"https:\/\/linitiative.ca\/International\/wp-json\/wp\/v2\/types\/post"}],"author":[{"embeddable":true,"href":"https:\/\/linitiative.ca\/International\/wp-json\/wp\/v2\/users\/1738"}],"replies":[{"embeddable":true,"href":"https:\/\/linitiative.ca\/International\/wp-json\/wp\/v2\/comments?post=88945"}],"version-history":[{"count":0,"href":"https:\/\/linitiative.ca\/International\/wp-json\/wp\/v2\/posts\/88945\/revisions"}],"wp:featuredmedia":[{"embeddable":true,"href":"https:\/\/linitiative.ca\/International\/wp-json\/"}],"wp:attachment":[{"href":"https:\/\/linitiative.ca\/International\/wp-json\/wp\/v2\/media?parent=88945"}],"wp:term":[{"taxonomy":"category","embeddable":true,"href":"https:\/\/linitiative.ca\/International\/wp-json\/wp\/v2\/categories?post=88945"},{"taxonomy":"post_tag","embeddable":true,"href":"https:\/\/linitiative.ca\/International\/wp-json\/wp\/v2\/tags?post=88945"}],"curies":[{"name":"wp","href":"https:\/\/api.w.org\/{rel}","templated":true}]}}