{"id":88947,"date":"2020-06-14T15:14:08","date_gmt":"2020-06-14T19:14:08","guid":{"rendered":"https:\/\/linitiative.ca\/International\/pros-mauvaise-nouvelle-pour-bensebaini\/"},"modified":"2020-06-14T15:14:08","modified_gmt":"2020-06-14T19:14:08","slug":"pros-mauvaise-nouvelle-pour-bensebaini","status":"publish","type":"post","link":"https:\/\/linitiative.ca\/International\/pros-mauvaise-nouvelle-pour-bensebaini\/","title":{"rendered":"Pros : Mauvaise nouvelle pour Bensebaini"},"content":{"rendered":"<div readability=\"32\">\n<p>Auteur : <span>Riad O<\/span> <span class=\"time\">dimanche 14 juin 2020 19:31<\/span><\/p>\n<\/div>\n<div id=\"post_core\" readability=\"39\">\n<p>Le d\u00e9fenseur Alg\u00e9rien du Borussia M\u00f6nchengladbach, Ramy Bensebaini ne sera pas concern\u00e9 par le prochain match de son team en Bundesliga. Ayant \u00e9cop\u00e9 d\u2019un avertissement lors du pr\u00e9c\u00e9dent match de son \u00e9quipe face au Bayern Munich,\u00a0le joueur de l\u2019EN sera donc suspendu face \u00e0 Wolfsburg en raison de cumul de carton.<\/p>\n<p><strong>Publi\u00e9 dans :<\/strong> <span>Bensebaini<\/span><\/p>\n<\/div>\n<p>Auteur:<br \/>\n<a href=\"http:\/\/www.lebuteur.com\/article\/detail?titre=mauvaise-nouvelle-pour-bensebaini&#038;id=96247&#038;utm_source=feedburner&#038;utm_medium=feed&#038;utm_campaign=Feed%3A+GalerieFArtciles+%28Les+derniers+articles++-+lebuteur.com%29\">Cliquez ici pour lire l&rsquo;article depuis sa source.<\/a><\/p>\n","protected":false},"excerpt":{"rendered":"<p>Auteur : Riad O dimanche 14 juin 2020 19:31 Le d\u00e9fenseur Alg\u00e9rien du Borussia M\u00f6nchengladbach, Ramy Bensebaini ne sera pas concern\u00e9 par le prochain match de son team en Bundesliga. Ayant \u00e9cop\u00e9 d\u2019un avertissement lors du pr\u00e9c\u00e9dent match de son \u00e9quipe face au Bayern Munich,\u00a0le joueur de l\u2019EN sera donc suspendu face \u00e0 Wolfsburg en [&hellip;]<\/p>\n","protected":false},"author":1738,"featured_media":88948,"comment_status":"closed","ping_status":"closed","sticky":false,"template":"","format":"standard","meta":{"fifu_image_url":"","fifu_image_alt":"","footnotes":""},"categories":[53,75],"tags":[],"class_list":["post-88947","post","type-post","status-publish","format-standard","has-post-thumbnail","hentry","category-algerie","category-sport"],"_links":{"self":[{"href":"https:\/\/linitiative.ca\/International\/wp-json\/wp\/v2\/posts\/88947","targetHints":{"allow":["GET"]}}],"collection":[{"href":"https:\/\/linitiative.ca\/International\/wp-json\/wp\/v2\/posts"}],"about":[{"href":"https:\/\/linitiative.ca\/International\/wp-json\/wp\/v2\/types\/post"}],"author":[{"embeddable":true,"href":"https:\/\/linitiative.ca\/International\/wp-json\/wp\/v2\/users\/1738"}],"replies":[{"embeddable":true,"href":"https:\/\/linitiative.ca\/International\/wp-json\/wp\/v2\/comments?post=88947"}],"version-history":[{"count":0,"href":"https:\/\/linitiative.ca\/International\/wp-json\/wp\/v2\/posts\/88947\/revisions"}],"wp:featuredmedia":[{"embeddable":true,"href":"https:\/\/linitiative.ca\/International\/wp-json\/"}],"wp:attachment":[{"href":"https:\/\/linitiative.ca\/International\/wp-json\/wp\/v2\/media?parent=88947"}],"wp:term":[{"taxonomy":"category","embeddable":true,"href":"https:\/\/linitiative.ca\/International\/wp-json\/wp\/v2\/categories?post=88947"},{"taxonomy":"post_tag","embeddable":true,"href":"https:\/\/linitiative.ca\/International\/wp-json\/wp\/v2\/tags?post=88947"}],"curies":[{"name":"wp","href":"https:\/\/api.w.org\/{rel}","templated":true}]}}