{"id":88958,"date":"2020-06-14T11:44:54","date_gmt":"2020-06-14T15:44:54","guid":{"rendered":"https:\/\/linitiative.ca\/International\/106177-activites-subaquatiques-la-fassas-prepare-la-reprise-de-ses-differentes-activites\/"},"modified":"2020-06-14T11:44:54","modified_gmt":"2020-06-14T15:44:54","slug":"106177-activites-subaquatiques-la-fassas-prepare-la-reprise-de-ses-differentes-activites","status":"publish","type":"post","link":"https:\/\/linitiative.ca\/International\/106177-activites-subaquatiques-la-fassas-prepare-la-reprise-de-ses-differentes-activites\/","title":{"rendered":"Activit\u00e9s subaquatiques : la FASSAS pr\u00e9pare la reprise de ses diff\u00e9rentes activit\u00e9s"},"content":{"rendered":"<p><span class=\"sp-nh-title\">Le CNDH appelle \u00e0 accorder plus d&rsquo;int\u00e9r\u00eat \u00e0 la cat\u00e9gorie des personnes \u00e2g\u00e9es<\/span> &#8211; <span class=\"sp-nh-date\">dimanche 14 juin 2020 19:59<\/span><\/p>\n<p><span class=\"sp-nh-title\">Journ\u00e9e mondiale du donneur de sang : convention de partenariat entre l&rsquo;association des v\u00e9t\u00e9rans des Scouts et le CTS<\/span> &#8211; <span class=\"sp-nh-date\">dimanche 14 juin 2020 19:47<\/span><\/p>\n<p><span class=\"sp-nh-title\">H\u00f4pital Mustapha Pacha :pr\u00e8s de 2000 poches de sang collect\u00e9es durant le ramadhan \u00a0<\/span> &#8211; <span class=\"sp-nh-date\">dimanche 14 juin 2020 19:38<\/span><\/p>\n<p><span class=\"sp-nh-title\">Installation de M. Zikara \u00e0 la t\u00eate de l&rsquo;ANDI<\/span> &#8211; <span class=\"sp-nh-date\">dimanche 14 juin 2020 19:26<\/span><\/p>\n<p><span class=\"sp-nh-title\">Foot \/ reprise des championnats : le Dr.Zerguini d\u00e9voile un guide m\u00e9dical<\/span> &#8211; <span class=\"sp-nh-date\">dimanche 14 juin 2020 18:58<\/span><\/p>\n<p><span class=\"sp-nh-title\">Douanes : entr\u00e9e en service du nouveau Syst\u00e8me d&rsquo;information en 2022<\/span> &#8211; <span class=\"sp-nh-date\">dimanche 14 juin 2020 18:50<\/span><\/p>\n<p><span class=\"sp-nh-title\">Le Liban renoue avec la contestation r\u00e9clamant une autre alternative \u00e9conomique<\/span> &#8211; <span class=\"sp-nh-date\">dimanche 14 juin 2020 18:26<\/span><\/p>\n<p><span class=\"sp-nh-title\">Sport- Coronavirus: aucune d\u00e9cision prise concernant la r\u00e9ouverture des installations\u00a0<\/span> &#8211; <span class=\"sp-nh-date\">dimanche 14 juin 2020 18:21<\/span><\/p>\n<p><span class=\"sp-nh-title\">Le Conseil de paix et de s\u00e9curit\u00e9 de l&rsquo;UA pr\u00e9occup\u00e9 par la persistance de la crise en Libye<\/span> &#8211; <span class=\"sp-nh-date\">dimanche 14 juin 2020 18:04<\/span><\/p>\n<p><span class=\"sp-nh-title\">Saisie de plus de deux quintaux de kif trait\u00e9 \u00e0 B\u00e9char<\/span> &#8211; <span class=\"sp-nh-date\">dimanche 14 juin 2020 17:46<\/span><\/p>\n<p><span class=\"sp-nh-title\">D\u00e9c\u00e8s du photographe Kays Djilali<\/span> &#8211; <span class=\"sp-nh-date\">dimanche 14 juin 2020 17:34<\/span><\/p>\n<p><span class=\"sp-nh-title\">Coronavirus: 109 nouveaux cas, 186 gu\u00e9risons et 7 d\u00e9c\u00e8s durant les derni\u00e8res\u00a024h<\/span> &#8211; <span class=\"sp-nh-date\">dimanche 14 juin 2020 17:21<\/span><\/p>\n<p><span class=\"sp-nh-title\">L&rsquo;ANCA se f\u00e9licite de la reprise progressive de la vie \u00e9conomique et commerciale<\/span> &#8211; <span class=\"sp-nh-date\">dimanche 14 juin 2020 17:05<\/span><\/p>\n<p><span class=\"sp-nh-title\">Volaille: poursuite des op\u00e9rations de d\u00e9stockage au niveau des points de vente directe<\/span> &#8211; <span class=\"sp-nh-date\">dimanche 14 juin 2020 16:53<\/span><\/p>\n<p><span class=\"sp-nh-title\">Activit\u00e9s subaquatiques : la FASSAS pr\u00e9pare la reprise de ses diff\u00e9rentes activit\u00e9s<\/span> &#8211; <span class=\"sp-nh-date\">dimanche 14 juin 2020 16:44<\/span><\/p>\n<p><span class=\"sp-nh-title\">Covid-19: lev\u00e9e totale du confinement pour 19 wilayas et all\u00e8gement des horaires pour 29 autres \u00a0<\/span> &#8211; <span class=\"sp-nh-date\">dimanche 14 juin 2020 16:44<\/span><\/p>\n<p><span class=\"sp-nh-title\">Emigration clandestine: d\u00e9mant\u00e8lement d\u2019un r\u00e9seau de passeurs clandestins \u00e0 Chlef<\/span> &#8211; <span class=\"sp-nh-date\">dimanche 14 juin 2020 16:38<\/span><\/p>\n<p><span class=\"sp-nh-title\">Benbouzid s&rsquo;entretient avec les repr\u00e9sentants du syst\u00e8me des Nations unies et de l&rsquo;OMS<\/span> &#8211; <span class=\"sp-nh-date\">dimanche 14 juin 2020 16:34<\/span><\/p>\n<p><span class=\"sp-nh-title\">Le d\u00e9funt Ali Brahiti inhum\u00e9 au cimeti\u00e8re de Ben Aknoun<\/span> &#8211; <span class=\"sp-nh-date\">dimanche 14 juin 2020 15:16<\/span><\/p>\n<p><span class=\"sp-nh-title\">Plusieurs hectares de r\u00e9colte perdus dans des incendies en 48 heures \u00e0 M\u00e9d\u00e9a<\/span> &#8211; <span class=\"sp-nh-date\">dimanche 14 juin 2020 14:49<\/span><\/p>\n<p>Auteur:<br \/>\n<a href=\"http:\/\/www.aps.dz\/sport\/106177-activites-subaquatiques-la-fassas-prepare-la-reprise-de-ses-differentes-activites?utm_source=feedburner&#038;utm_medium=feed&#038;utm_campaign=Feed%3A+aps-sport+%28APS+-+SPORT%29\">Cliquez ici pour lire l&rsquo;article depuis sa source.<\/a><\/p>\n","protected":false},"excerpt":{"rendered":"<p>Le CNDH appelle \u00e0 accorder plus d&rsquo;int\u00e9r\u00eat \u00e0 la cat\u00e9gorie des personnes \u00e2g\u00e9es &#8211; dimanche 14 juin 2020 19:59 Journ\u00e9e mondiale du donneur de sang : convention de partenariat entre l&rsquo;association des v\u00e9t\u00e9rans des Scouts et le CTS &#8211; dimanche 14 juin 2020 19:47 H\u00f4pital Mustapha Pacha :pr\u00e8s de 2000 poches de sang collect\u00e9es durant [&hellip;]<\/p>\n","protected":false},"author":1790,"featured_media":0,"comment_status":"closed","ping_status":"closed","sticky":false,"template":"","format":"standard","meta":{"fifu_image_url":"","fifu_image_alt":"","footnotes":""},"categories":[53,75],"tags":[],"class_list":["post-88958","post","type-post","status-publish","format-standard","hentry","category-algerie","category-sport"],"_links":{"self":[{"href":"https:\/\/linitiative.ca\/International\/wp-json\/wp\/v2\/posts\/88958","targetHints":{"allow":["GET"]}}],"collection":[{"href":"https:\/\/linitiative.ca\/International\/wp-json\/wp\/v2\/posts"}],"about":[{"href":"https:\/\/linitiative.ca\/International\/wp-json\/wp\/v2\/types\/post"}],"author":[{"embeddable":true,"href":"https:\/\/linitiative.ca\/International\/wp-json\/wp\/v2\/users\/1790"}],"replies":[{"embeddable":true,"href":"https:\/\/linitiative.ca\/International\/wp-json\/wp\/v2\/comments?post=88958"}],"version-history":[{"count":0,"href":"https:\/\/linitiative.ca\/International\/wp-json\/wp\/v2\/posts\/88958\/revisions"}],"wp:attachment":[{"href":"https:\/\/linitiative.ca\/International\/wp-json\/wp\/v2\/media?parent=88958"}],"wp:term":[{"taxonomy":"category","embeddable":true,"href":"https:\/\/linitiative.ca\/International\/wp-json\/wp\/v2\/categories?post=88958"},{"taxonomy":"post_tag","embeddable":true,"href":"https:\/\/linitiative.ca\/International\/wp-json\/wp\/v2\/tags?post=88958"}],"curies":[{"name":"wp","href":"https:\/\/api.w.org\/{rel}","templated":true}]}}