{"id":88966,"date":"2020-06-13T17:44:22","date_gmt":"2020-06-13T21:44:22","guid":{"rendered":"https:\/\/linitiative.ca\/International\/covid-19-levee-totale-du-confinement-pour-19-wilayas-et-allegement-des-horaires-pour-29-autres\/"},"modified":"2020-06-13T17:44:22","modified_gmt":"2020-06-13T21:44:22","slug":"covid-19-levee-totale-du-confinement-pour-19-wilayas-et-allegement-des-horaires-pour-29-autres","status":"publish","type":"post","link":"https:\/\/linitiative.ca\/International\/covid-19-levee-totale-du-confinement-pour-19-wilayas-et-allegement-des-horaires-pour-29-autres\/","title":{"rendered":"Covid-19 : Lev\u00e9e totale du confinement pour 19 wilayas et all\u00e8gement des horaires pour 29 autres"},"content":{"rendered":"<p>Le Gouvernement a d\u00e9cid\u00e9 la lev\u00e9e totale du confinement \u00e0 domicile pour 19 wilayas et l\u2019am\u00e9nagement des horaires de cette mesure, prise dans le cadre de la lutte contre le coronavirus, pour le reste des wilayas, indique samedi un communiqu\u00e9 des services du Premier ministre dont voici le texte int\u00e9gral\u00a0:<\/p>\n<p>\u00a0\u00ab\u00a0Se basant sur les \u00e9volutions et propositions de lev\u00e9e du confinement du comit\u00e9 scientifique et de l\u2019autorit\u00e9 sanitaire ainsi que les \u00e9valuations \u00e9manant des commissions de wilaya charg\u00e9es de coordonner l\u2019action sectorielle de pr\u00e9vention et de lutte contre la pand\u00e9mie du Covid-19 et en tenant compte des dispositions pr\u00e9vues par la r\u00e9glementation en vigueur notamment le d\u00e9cret ex\u00e9cutif n 20-69 du 21 mars 2020 relatif aux mesures de pr\u00e9vention et de lutte contre la propagation du Coronavirus Covid-19 et l\u2019ensemble des textes subs\u00e9quents et apr\u00e8s consultation de Monsieur le Pr\u00e9sident de la R\u00e9publique, il a \u00e9t\u00e9 d\u00e9cid\u00e9 d\u2019engager un certain nombre de meures de lev\u00e9e du confinement, au titre de la deuxi\u00e8me phase de la feuille de route qui a trac\u00e9 le plan de sortie progressive et flexible du confinement.<\/p>\n<p>\u00a0Il demeure entendu que les mesures retenues, qui seront mises en vigueur \u00e0 compter du 14 juin 2020, restent tributaires de l\u2019\u00e9volution de la situation \u00e9pid\u00e9miologique \u00e0 l\u2019\u00e9chelle nationale et de chaque wilaya ainsi que du respect des r\u00e8gles sanitaires de pr\u00e9vention et de lutte contre la propagation de l\u2019\u00e9pid\u00e9mie.<\/p>\n<p>\u00a0Les mesures d\u00e9cid\u00e9es se d\u00e9clinent comme suit\u00a0:\u00a0<\/p>\n<p>\u00a0Concernant la mesure du confinement partiel \u00e0 domicile\u00a0:<\/p>\n<p>\u00a0La lev\u00e9e totale du confinement \u00e0 domicile pour les dix neuf (19) wilayas suivantes\u00a0: Tamanrasset, Tindouf, Illizi, Saida, Gharda\u00efa, Naama, El Bayadh, Tiaret, Guelma, Skikda, Jijel, Mostaganem, Tebessa, Tlemcen, Ain Temouchent, El Tarf, TiziOuzou, Ain Defla, Mila.<\/p>\n<p>\u00a0L\u2019adaptation des horaires de confinement \u00e0 domicile de 20h00 au lendemain 05h00 du matin pour vingt neuf (29) wilayas. Il s\u2019agit des wilayas de Boumerdes, Souk Ahras, Tissemsilt, Djelfa, Mascara, Oum El Bouaghi, Batna,\u00a0Bouira, Relizane, Biskra, Khenchela, M\u2019sila, Chlef, Sidi Bel Abbes, M\u00e9d\u00e9a, Blida, Bordj Bou Arreridj, Tipaza, Ouargla, Bechar, Alger, Constantine,\u00a0Oran, S\u00e9tif, Annaba, Bejaia, Adrar, Laghouat, El Oued.<\/p>\n<p>\u00a0S\u2019agissant du cong\u00e9 exceptionnel r\u00e9mun\u00e9r\u00e9 dans le secteur \u00e9conomique\u00a0:<\/p>\n<p>\u00a0La lev\u00e9e de la mesure de mise en cong\u00e9 exceptionnel r\u00e9mun\u00e9r\u00e9 des 50\u00a0% des effectifs du secteur \u00e9conomique public et priv\u00e9, pour les entreprises qui peuvent assurer le transport de leur personnel, et satisfaire les conditions de protection sanitaire propres \u00e0 leur activit\u00e9.<\/p>\n<p>\u00a0Pour ce qui est du cong\u00e9 exceptionnel r\u00e9mun\u00e9r\u00e9 dans les institutions et administrations publiques\u00a0:<\/p>\n<p>\u00a0La lev\u00e9e de la mesure de mise en cong\u00e9 exceptionnel r\u00e9mun\u00e9r\u00e9 des 50\u00a0% des effectifs des institutions et administrations publiques, tout en maintenant cette mesure au profit des femmes enceintes et celles \u00e9levant des enfants en bas \u00e2ge.<\/p>\n<p>\u00a0Les administrations doivent \u00e9galement veiller \u00e0 l\u2019apurement des reliquats de cong\u00e9 de leurs effectifs et \u00e0 l\u2019ouverture de la p\u00e9riode des d\u00e9parts en cong\u00e9 au titre de l\u2019ann\u00e9e en cours.<\/p>\n<p>\u00a0Reprise de certaines activit\u00e9s de transport urbain\u00a0:<\/p>\n<p>\u00a0La reprise \u00e0 travers l\u2019ensemble des wilayas du pays, des activit\u00e9s de transport urbain de voyageurs par bus et par Tramway, sous r\u00e9serve du respect des r\u00e8gles de pr\u00e9vention suivantes\u00a0:<\/p>\n<p>\u00a0-interdire strictement l\u2019acc\u00e8s des voyageurs sans le port du masque de protection.<\/p>\n<p>\u00a0-doter les si\u00e8ges de housses ou films en plastique facilitant les op\u00e9rations de d\u00e9sinfection.<\/p>\n<p>\u00a0-pr\u00e9voir une paillasse de d\u00e9sinfection.<\/p>\n<p>\u00a0-pr\u00e9voir l\u2019ouverture des fen\u00eatres et autres dispositifs d\u2019a\u00e9ration naturelle.<\/p>\n<p>\u00a0-limiter le nombre de voyageurs aux seules places assises.<\/p>\n<p>\u00a0-mettre \u00e0 la disposition des voyageurs des produits d\u00e9sinfectants (gels hydro alcooliques, ).<\/p>\n<p>\u00a0-soumettre le moyen de transport \u00e0 une op\u00e9ration de nettoyage et de d\u00e9sinfection \u00e0 la fin de chaque trajet.<\/p>\n<p>\u00a0-pr\u00e9voir des dispositifs de d\u00e9sinfection dans les gares.<\/p>\n<p>\u00a0-organiser les imp\u00e9ratifs de la distanciation physique au niveau des gares et stations.<\/p>\n<p>\u00a0La reprise \u00e0 travers l\u2019ensemble des wilayas du pays du transport urbain par taxis individuel, sous r\u00e9serve du respect des r\u00e8gles de pr\u00e9vention suivantes\u00a0:<\/p>\n<p>\u00a0-L\u2019obligation du port de masque de protection pour le chauffeur et pour le client.<\/p>\n<p>\u00a0-La mise \u00e0 disposition d\u2019une solution hydro-alcoolique pour les clients.<\/p>\n<p>\u00a0-La limitation du nombre de clients \u00e0 un seul au maximum, sauf dans le cas de personne accompagn\u00e9e.<\/p>\n<p>\u00a0-Le client doit se placer du cot\u00e9 droit de la banquette arri\u00e8re du Taxi.<\/p>\n<p>\u00a0-doter les si\u00e8ges de housses ou de films en plastique facilitant les op\u00e9rations de d\u00e9sinfection.<\/p>\n<p>\u00a0-soumettre le taxi \u00e0 une op\u00e9ration r\u00e9guli\u00e8re de nettoyage et de d\u00e9sinfection.<\/p>\n<p>\u00a0-Le nettoyage syst\u00e9matique des accoudoirs, des poign\u00e9es de porte et des reposes t\u00eate avec un produit d\u00e9sinfectant\u00a0\u00bb<\/p>\n<p>Auteur: Kamel Mansari<br \/>\n<a href=\"http:\/\/www.jeune-independant.net\/Covid-19-Levee-totale-du.html\">Cliquez ici pour lire l&rsquo;article depuis sa source.<\/a><\/p>\n","protected":false},"excerpt":{"rendered":"<p>Le Gouvernement a d\u00e9cid\u00e9 la lev\u00e9e totale du confinement \u00e0 domicile pour 19 wilayas et l\u2019am\u00e9nagement des horaires de cette mesure, prise dans le cadre de la lutte contre le coronavirus, pour le reste des wilayas, indique samedi un communiqu\u00e9 des services du Premier ministre dont voici le texte int\u00e9gral\u00a0: \u00a0\u00ab\u00a0Se basant sur les \u00e9volutions [&hellip;]<\/p>\n","protected":false},"author":1737,"featured_media":0,"comment_status":"closed","ping_status":"closed","sticky":false,"template":"","format":"standard","meta":{"fifu_image_url":"","fifu_image_alt":"","footnotes":""},"categories":[73,53],"tags":[],"class_list":["post-88966","post","type-post","status-publish","format-standard","hentry","category-actualite","category-algerie"],"_links":{"self":[{"href":"https:\/\/linitiative.ca\/International\/wp-json\/wp\/v2\/posts\/88966","targetHints":{"allow":["GET"]}}],"collection":[{"href":"https:\/\/linitiative.ca\/International\/wp-json\/wp\/v2\/posts"}],"about":[{"href":"https:\/\/linitiative.ca\/International\/wp-json\/wp\/v2\/types\/post"}],"author":[{"embeddable":true,"href":"https:\/\/linitiative.ca\/International\/wp-json\/wp\/v2\/users\/1737"}],"replies":[{"embeddable":true,"href":"https:\/\/linitiative.ca\/International\/wp-json\/wp\/v2\/comments?post=88966"}],"version-history":[{"count":0,"href":"https:\/\/linitiative.ca\/International\/wp-json\/wp\/v2\/posts\/88966\/revisions"}],"wp:attachment":[{"href":"https:\/\/linitiative.ca\/International\/wp-json\/wp\/v2\/media?parent=88966"}],"wp:term":[{"taxonomy":"category","embeddable":true,"href":"https:\/\/linitiative.ca\/International\/wp-json\/wp\/v2\/categories?post=88966"},{"taxonomy":"post_tag","embeddable":true,"href":"https:\/\/linitiative.ca\/International\/wp-json\/wp\/v2\/tags?post=88966"}],"curies":[{"name":"wp","href":"https:\/\/api.w.org\/{rel}","templated":true}]}}