{"id":88967,"date":"2020-06-13T22:34:14","date_gmt":"2020-06-14T02:34:14","guid":{"rendered":"https:\/\/linitiative.ca\/International\/electrification-un-nouveau-programme-en-ete-pour-ghardaia\/"},"modified":"2020-06-13T22:34:14","modified_gmt":"2020-06-14T02:34:14","slug":"electrification-un-nouveau-programme-en-ete-pour-ghardaia","status":"publish","type":"post","link":"https:\/\/linitiative.ca\/International\/electrification-un-nouveau-programme-en-ete-pour-ghardaia\/","title":{"rendered":"\u00c9lectrification : un nouveau programme en \u00e9t\u00e9 pour Gharda\u00efa"},"content":{"rendered":"<p><br class=\"autobr\"\/><br \/>\nDans le cadre de l\u2019am\u00e9lioration des conditions de vie des\u00a0populations rurales, nombreuses sont les communes qui vont en b\u00e9n\u00e9ficier.<br \/>Deux importants programmes dits \u00ab\u00a0sp\u00e9cial \u00e9t\u00e9 2020\u00a0\u00bb, o\u00f9 les demandes augmentent abondamment, seront bient\u00f4t mis en route. Ces r\u00e9alisations reposeront sur deux modes d\u2019\u00e9lectrification \u00e0 savoir, le raccordement au r\u00e9seau interconnect\u00e9, pour la majorit\u00e9 des quartiers et l\u2019\u00e9lectrification rurale d\u00e9centralis\u00e9e, principalement, pour les zones \u00e9loign\u00e9es du r\u00e9seau ou \u00e0 habitat dispers\u00e9 \u00e0 travers certaines communes de la Wilaya de Gharda\u00efa.<br \/>Le premier programme consistera au renforcement du r\u00e9seau d\u2019\u00e9lectrification.<br \/>Le second consistera \u00e0 la r\u00e9alisation d\u2019une quantit\u00e9 de transformateurs \u00e9lectrique. Le tout, pour une enveloppe globale de l\u2019ordre de 82 Milliards de centimes pour les deux programmes attendus.<\/p>\n<p>Ainsi, plusieurs communes de la Wilaya b\u00e9n\u00e9ficieront incessamment du renforcement de leur r\u00e9seau \u00e9lectrique.<br \/>La population totale qui en b\u00e9n\u00e9ficiera dans le cadre du premier programme est de 142.698 foyers qui vont \u00eatre raccord\u00e9s en \u00e9lectricit\u00e9, pour un lin\u00e9aire de 100,48 Km en Basse Tension et 79,06 Km en Moyenne Tension soit pour un lin\u00e9aire total de 179,54 km.<\/p>\n<p>Dans le cadre du second programme que vont b\u00e9n\u00e9ficier ces m\u00eames communes, cinquante (50) Transformateurs sont en cours de r\u00e9alisation dont 41 sont d\u00e9j\u00e0 achev\u00e9s soit pour un taux de 82%.<br \/>Par ailleurs, un troisi\u00e8me programme dit compl\u00e9mentaire de 23 Km en Moyenne tension serait en cours de r\u00e9alisation.<br \/>Ce programme est con\u00e7u pour am\u00e9liorer la qualit\u00e9 de l\u2019\u00e9nergie \u00e9lectrique et s\u00e9curiser l\u2019alimentation en \u00e9lectricit\u00e9 destin\u00e9e aux trois communes de la Wilaya, \u00e0 savoir\u00a0; SebSeb, Mansourah et Hassi-Lefhel.<br \/>Toutes ces r\u00e9alisations tant attendues par les citoyens concern\u00e9es, permettront d\u2019am\u00e9liorer consid\u00e9rablement le taux d\u2019\u00e9lectrification rurale \u00e0 travers certaines communes de la Wilaya de Gharda\u00efa.<\/p>\n<p>L\u2019entreprise Sonelgaz (SDC\/Gharda\u00efa) entend par l\u00e0, r\u00e9pondre aux ambitions de l\u2019Initiative nationale pour le d\u00e9veloppement humain qui se traduira par un bond en termes de d\u00e9veloppement sociaux \u00e9conomique de la r\u00e9gion. Et, contribuer surtout \u00e0 changer le quotidien de la population rurale, et ce \u00e0 travers l\u2019introduction d\u2019un nouveau mode de vie par le biais de l\u2019\u00e9quipement des m\u00e9nages, l\u2019am\u00e9lioration des conditions sanitaires et le d\u00e9veloppement d\u2019activit\u00e9s des foyers.<\/p>\n<p>Cependant, durant les prochains jours o\u00f9 les pics de consommation estivale s\u2019accentuent, des r\u00e9alisations et am\u00e9liorations tant attendues vont \u00eatre apport\u00e9es gr\u00e2ce \u00e0 la politique du renforcement du r\u00e9seau de transport \u00e9lectrique qui sera mis en place par la SDC\/Gharda\u00efa.\u00a0<br \/>\u00a0<\/p>\n<p>Auteur: Kamel Mansari<br \/>\n<a href=\"http:\/\/www.jeune-independant.net\/Electrification-un-nouveau.html\">Cliquez ici pour lire l&rsquo;article depuis sa source.<\/a><\/p>\n","protected":false},"excerpt":{"rendered":"<p>Dans le cadre de l\u2019am\u00e9lioration des conditions de vie des\u00a0populations rurales, nombreuses sont les communes qui vont en b\u00e9n\u00e9ficier.Deux importants programmes dits \u00ab\u00a0sp\u00e9cial \u00e9t\u00e9 2020\u00a0\u00bb, o\u00f9 les demandes augmentent abondamment, seront bient\u00f4t mis en route. Ces r\u00e9alisations reposeront sur deux modes d\u2019\u00e9lectrification \u00e0 savoir, le raccordement au r\u00e9seau interconnect\u00e9, pour la majorit\u00e9 des quartiers et [&hellip;]<\/p>\n","protected":false},"author":1737,"featured_media":0,"comment_status":"closed","ping_status":"closed","sticky":false,"template":"","format":"standard","meta":{"fifu_image_url":"","fifu_image_alt":"","footnotes":""},"categories":[73,53],"tags":[],"class_list":["post-88967","post","type-post","status-publish","format-standard","hentry","category-actualite","category-algerie"],"_links":{"self":[{"href":"https:\/\/linitiative.ca\/International\/wp-json\/wp\/v2\/posts\/88967","targetHints":{"allow":["GET"]}}],"collection":[{"href":"https:\/\/linitiative.ca\/International\/wp-json\/wp\/v2\/posts"}],"about":[{"href":"https:\/\/linitiative.ca\/International\/wp-json\/wp\/v2\/types\/post"}],"author":[{"embeddable":true,"href":"https:\/\/linitiative.ca\/International\/wp-json\/wp\/v2\/users\/1737"}],"replies":[{"embeddable":true,"href":"https:\/\/linitiative.ca\/International\/wp-json\/wp\/v2\/comments?post=88967"}],"version-history":[{"count":0,"href":"https:\/\/linitiative.ca\/International\/wp-json\/wp\/v2\/posts\/88967\/revisions"}],"wp:attachment":[{"href":"https:\/\/linitiative.ca\/International\/wp-json\/wp\/v2\/media?parent=88967"}],"wp:term":[{"taxonomy":"category","embeddable":true,"href":"https:\/\/linitiative.ca\/International\/wp-json\/wp\/v2\/categories?post=88967"},{"taxonomy":"post_tag","embeddable":true,"href":"https:\/\/linitiative.ca\/International\/wp-json\/wp\/v2\/tags?post=88967"}],"curies":[{"name":"wp","href":"https:\/\/api.w.org\/{rel}","templated":true}]}}