{"id":88968,"date":"2020-06-13T23:25:48","date_gmt":"2020-06-14T03:25:48","guid":{"rendered":"https:\/\/linitiative.ca\/International\/bac-et-bem-2020-des-cours-de-revisions-pour-les-candidats-en-aout\/"},"modified":"2020-06-13T23:25:48","modified_gmt":"2020-06-14T03:25:48","slug":"bac-et-bem-2020-des-cours-de-revisions-pour-les-candidats-en-aout","status":"publish","type":"post","link":"https:\/\/linitiative.ca\/International\/bac-et-bem-2020-des-cours-de-revisions-pour-les-candidats-en-aout\/","title":{"rendered":"BAC et BEM 2020 : Des cours de r\u00e9visions pour les candidats en ao\u00fbt"},"content":{"rendered":"<p><strong>Les sessions 2020 des examens du BEM et du BAC en Alg\u00e9rie sont pr\u00e9vues pour le mois septembre prochain. Les candidats \u00e0 ces deux examens b\u00e9n\u00e9ficieront de cours de r\u00e9vision collective \u00e0\u00a0partir du 15 ao\u00fbt au niveau de leurs \u00e9tablissements scolaires.<\/strong><\/p>\n<p>Les \u00e9tablissements\u00a0de l\u2019enseignement moyen et secondaire, \u00e0 travers le territoire national, ouvriront leurs portes aux candidats des examens du BAC et du BEM.\u00a0Le minist\u00e8re de l\u2019\u00e9ducation\u00a0nationale a donn\u00e9 des instructions aux directeurs de wilayas afin de programmer des cours de r\u00e9vision\u00a0collective au b\u00e9n\u00e9fice des \u00e9l\u00e8ves\u00a0concern\u00e9s par les examens de fin d\u2019ann\u00e9e. Le minist\u00e8re a soulign\u00e9\u00a0que ces cours ne seront pas obligatoires, notamment pour les candidats au BEM.\u00a0<\/p>\n<p>Les enseignants auront la t\u00e2che de revoir les le\u00e7ons des premier et deuxi\u00e8me trimestres, afin de les pr\u00e9parer \u00e0\u00a0l\u2019examen. Des s\u00e9ances de psychologie seront \u00e9galement programm\u00e9es pour aider les \u00e9l\u00e8ves \u00e0\u00a0surmonter les effets de la crise sanitaire qui a frapp\u00e9\u00a0le pays.<\/p>\n<p>Des instructions ont \u00e9t\u00e9 \u00e9galement donn\u00e9es\u00a0pour fournir un climat et un espace appropri\u00e9s au bon d\u00e9roulement des examens.<br \/>Ainsi, les moyens de pr\u00e9vention seront garantis. On \u00e9voque dans ce sens les masques de protection et les gants. Les d\u00e9sinfectants et le mat\u00e9riel de st\u00e9rilisation.<\/p>\n<p>Le nombre maximum des candidats est limit\u00e9 \u00e0 10 candidats par salle. Les barri\u00e8res obligeront les candidats \u00e0 s\u2019asseoir aux tables, en respectant la distanciation physique.<\/p>\n<p>Le ministre du secteur, Mohamed Ouadjaout, organisera, par ailleurs, une t\u00e9l\u00e9conf\u00e9rence nationale\u00a0regroupant des directeurs ex\u00e9cutifs, ainsi que le secr\u00e9taire g\u00e9n\u00e9ral du minist\u00e8re. Les discussions tourneront autour des dispositions r\u00e9centes et se rapportent au d\u00e9roulement des examens du BEM et du BAC 2020 en Alg\u00e9rie.<\/p>\n<p>Cette r\u00e9union sera l\u2019occasion d\u2019\u00e9voquer l\u2019examen du Brevet d\u2019enseignement moyen. Le minist\u00e8re de l\u2019\u00e9ducation a fait savoir que toutes les propositions formul\u00e9es par les partenaires sociaux concernant cet examen seront r\u00e9examin\u00e9es. Il faut noter, que plusieurs syndicats ont appel\u00e9\u00a0\u00e0\u00a0la suppression du BEM et le maintenir uniquement pour les candidats libres. Mais aussi pour les \u00e9l\u00e8ves n\u2019ayant pas atteint la moyenne d\u2019admission de 9\/20. Ce sera en guise de rattrapage. Une sorte de seconde chance.\u00a0<\/p>\n<p>Le minist\u00e8re de tutelle avait re\u00e7u le feu vert pour rouvrir le dossier. Des syndicats ind\u00e9pendants de l\u2019\u00e9ducation, des associations des parents d\u2019\u00e9l\u00e8ves et m\u00eame des organisations de la soci\u00e9t\u00e9 civile, appellent \u00e0 la n\u00e9cessit\u00e9 d\u2019annuler l\u2019examen en question.\u00a0<\/p>\n<p>Auteur: Kamel Mansari<br \/>\n<a href=\"http:\/\/www.jeune-independant.net\/BAC-et-BEM-2020-Des-cours-de.html\">Cliquez ici pour lire l&rsquo;article depuis sa source.<\/a><\/p>\n","protected":false},"excerpt":{"rendered":"<p>Les sessions 2020 des examens du BEM et du BAC en Alg\u00e9rie sont pr\u00e9vues pour le mois septembre prochain. Les candidats \u00e0 ces deux examens b\u00e9n\u00e9ficieront de cours de r\u00e9vision collective \u00e0\u00a0partir du 15 ao\u00fbt au niveau de leurs \u00e9tablissements scolaires. Les \u00e9tablissements\u00a0de l\u2019enseignement moyen et secondaire, \u00e0 travers le territoire national, ouvriront leurs portes [&hellip;]<\/p>\n","protected":false},"author":1737,"featured_media":0,"comment_status":"closed","ping_status":"closed","sticky":false,"template":"","format":"standard","meta":{"fifu_image_url":"","fifu_image_alt":"","footnotes":""},"categories":[73,53],"tags":[],"class_list":["post-88968","post","type-post","status-publish","format-standard","hentry","category-actualite","category-algerie"],"_links":{"self":[{"href":"https:\/\/linitiative.ca\/International\/wp-json\/wp\/v2\/posts\/88968","targetHints":{"allow":["GET"]}}],"collection":[{"href":"https:\/\/linitiative.ca\/International\/wp-json\/wp\/v2\/posts"}],"about":[{"href":"https:\/\/linitiative.ca\/International\/wp-json\/wp\/v2\/types\/post"}],"author":[{"embeddable":true,"href":"https:\/\/linitiative.ca\/International\/wp-json\/wp\/v2\/users\/1737"}],"replies":[{"embeddable":true,"href":"https:\/\/linitiative.ca\/International\/wp-json\/wp\/v2\/comments?post=88968"}],"version-history":[{"count":0,"href":"https:\/\/linitiative.ca\/International\/wp-json\/wp\/v2\/posts\/88968\/revisions"}],"wp:attachment":[{"href":"https:\/\/linitiative.ca\/International\/wp-json\/wp\/v2\/media?parent=88968"}],"wp:term":[{"taxonomy":"category","embeddable":true,"href":"https:\/\/linitiative.ca\/International\/wp-json\/wp\/v2\/categories?post=88968"},{"taxonomy":"post_tag","embeddable":true,"href":"https:\/\/linitiative.ca\/International\/wp-json\/wp\/v2\/tags?post=88968"}],"curies":[{"name":"wp","href":"https:\/\/api.w.org\/{rel}","templated":true}]}}