{"id":88969,"date":"2020-06-14T02:17:38","date_gmt":"2020-06-14T06:17:38","guid":{"rendered":"https:\/\/linitiative.ca\/International\/violations-des-droits-de-lhomme-aux-etats-unis-une-association-americaine-saisit-lonu\/"},"modified":"2020-06-14T02:17:38","modified_gmt":"2020-06-14T06:17:38","slug":"violations-des-droits-de-lhomme-aux-etats-unis-une-association-americaine-saisit-lonu","status":"publish","type":"post","link":"https:\/\/linitiative.ca\/International\/violations-des-droits-de-lhomme-aux-etats-unis-une-association-americaine-saisit-lonu\/","title":{"rendered":"Violations des droits de l&rsquo;homme aux Etats-Unis : Une association am\u00e9ricaine saisit l&rsquo;ONU"},"content":{"rendered":"<p><strong>\u00ab\u00a0Il est temps d\u2019ouvrir une enqu\u00eate contre les Etats-Unis, afin de les juger, comme ils l\u2019ont souvent soutenu \u00e0 l\u2019\u00e9gard d\u2019autres pays\u00a0\u00bb, a \u00e9crit American Civil Liberties Union dans une lettre adress\u00e9e au Conseil des Nations Unies pour les Droits de l\u2019homme.<\/strong><\/p>\n<p>L\u2019association \u00e0 demande \u00e0 l\u2019ONU de convoquer une r\u00e9union d\u2019urgence pour enqu\u00eater sur la r\u00e9pression polici\u00e8re am\u00e9ricaine contre les mouvements de manifestation, qui ont eu lieu \u00e0 la suite de la mort de l\u2019Afro-am\u00e9ricain George Floyd.<\/p>\n<p>Un sondage conjointement men\u00e9 par Wall Street Journal et NBC fait \u00e9tat de 80% d\u2019Am\u00e9ricains qui pensent que leur pays \u00e9tait hors du contr\u00f4le. Comment l\u2019unique superpuissance du monde en est-elle arriv\u00e9e l\u00e0\u00a0?<br \/>Sur fond d\u2019indignation g\u00e9n\u00e9rale, les forces de l\u2019ordre am\u00e9ricaines poursuivent leurs pratiques inhumaines qui ne font que mettre en danger et violer les droits de l\u2019homme. En Virginie, un Afro-am\u00e9ricain a \u00e9t\u00e9 \u00e9lectrocut\u00e9 au moment de son arrestation, \u00e0 New York, des v\u00e9hicules policiers ont fonc\u00e9 dans la foule, \u00e0 Buffalo, un monsieur de 75 ans a \u00e9t\u00e9 pouss\u00e9 et tomb\u00e9 \u00e0 terre, avec un saignement au niveau de sa nuque, dans l\u2019Ohio, des policiers ont enlev\u00e9 par force le masque des manifestants et leur ont pulv\u00e9ris\u00e9 du gaz poivre.\u00a0A cela s\u2019ajoute le mauvais traitement inflig\u00e9 aux journalistes de la part des \u00e9l\u00e9ments de la police.<\/p>\n<p>Selon Michelle Bachelet, Haut-Commissaire des Nations unies aux droits de l\u2019homme, pas moins de 200 journalistes ont subi des attaques ou fait objet d\u2019arrestations arbitraires, bien qu\u2019ils aient tous d\u00e9clin\u00e9 leur identit\u00e9. Ahurissant pour un pays qui s\u2019est toujours vant\u00e9 pour la libert\u00e9 d\u2019expression, constate Michelle Bachelet.<\/p>\n<p><strong>\u00a0Basse cr\u00e9atures<br \/><\/strong>Des trag\u00e9dies insuffisantes pour d\u00e9courager certains politiciens et m\u00e9dias am\u00e9ricains. Ceux-ci ont pr\u00e9f\u00e9r\u00e9 attiser les conflits ethniques qui d\u00e9chirent actuellement la soci\u00e9t\u00e9 am\u00e9ricaine. Donald Trump traite de \u00ab\u00a0basse cr\u00e9ature\u00a0\u00bb (lowlife) et de \u00ab\u00a0perdant\u00a0\u00bb (loser) les manifestants\u00a0; Le s\u00e9nateur Tom Cotton crie ouvertement \u00e0 \u00ab\u00a0envoyer l\u2019arm\u00e9e\u00a0\u00bb\u00a0; Fox News a m\u00eame diffus\u00e9 un sch\u00e9ma pr\u00e9tendant que la violence contre les Afro-am\u00e9ricains contribuait \u00e0 la hausse de la bourse\u00a0: Bobby Rush repr\u00e9sentant de l\u2019Illinois a trouv\u00e9 cela \u00ab\u00a0frustrant et d\u00e9go\u00fbtant\u00a0\u00bb.<\/p>\n<p>Tout le monde l\u2019a compris\u00a0: ces politiciens am\u00e9ricains, qui se prennent pour d\u00e9fenseurs des droits de l\u2019homme, ne sont l\u00e0 que pour fabriquer des catastrophes humanitaires. Les Etats-Unis ont les \u00ab\u00a0droits de l\u2019homme\u00a0\u00bb sur leurs l\u00e8vres, cela ne les emp\u00eache pas d\u2019ignorer leur propre devoir pour garantir les droits de l\u2019homme, ni de fermer leurs yeux devant la vie du peuple, a comment\u00e9 le journal britannique The Independent. Pour le minist\u00e8re russe des Affaires \u00e9trang\u00e8res, les manifestations d\u2019envergure qui se passent aux Etats-Unis ne sont rien que le r\u00e9sultat du double crit\u00e8re observ\u00e9 par Washington. Une situation extr\u00eamement embarrassante pour les diplomates am\u00e9ricains qui s\u2019affairent \u00e0 vendre leurs valeurs\u00a0: libert\u00e9, d\u00e9mocratie et droits de l\u2019homme\u2026<\/p>\n<p>Dans un r\u00e9cent article, le magazine am\u00e9ricain Politico indique que s\u2019il s\u2019agissait d\u2019un pays autre que les Etats-Unis, on aurait vu un sc\u00e9nario familier d\u00e9ploy\u00e9 par les diplomates am\u00e9ricains\u00a0: ils auraient exprim\u00e9 leur inqui\u00e9tude devant le chaos, demandant au gouvernement du pays en question \u00e0 autoriser les manifestations pacifiques, \u00e0 son arm\u00e9e de se retenir, sans oublier bien s\u00fbr de condamner la r\u00e9pression contre des journalistes par la police.<\/p>\n<p>Ce sc\u00e9nario a \u00e9t\u00e9 totalement oubli\u00e9, parce que le pays en cause, se trouve \u00eatre les Etats-Unis. Difficile pour leurs diplomates de reprendre leurs vieux refrains alors que chez eux, la libert\u00e9 d\u2019expression est bafou\u00e9e, la d\u00e9mocratie peine \u00e0 survivre, les droits de l\u2019homme foul\u00e9s aux pieds. \u00ab\u00a0Nous ressemblons \u00e0 des hypocrites\u00a0\u00bb, ont avou\u00e9 des diplomates am\u00e9ricains. Pour Molly Montgomery, un diplomate ayant travaill\u00e9 en Afghanistan et en Bosnie-Herz\u00e9govine, c\u2019est un moment \u00ab\u00a0navrant\u00a0\u00bb et il est temps de \u00ab\u00a0r\u00e9fl\u00e9chir\u00a0\u00bb.<\/p>\n<p>Mike Pomp\u00e9o qui a tellement l\u2019habitude de juger les autres pays selon les principes de \u00ab\u00a0d\u00e9mocratie\u00a0\u00bb et de \u00ab\u00a0droits de l\u2019homme\u00a0\u00bb, semble avoir soudainement perdu sa voix devant les mouvements de contestation dans son propre pays pour protester contre le racisme. CNN a remarqu\u00e9 le 9 juin que Pompeo n\u2019avait pas prononc\u00e9 un mot \u00e0 propos des in\u00e9galit\u00e9s raciales, ni donn\u00e9 des consignes \u00e0 ses hommes concernant la question. Son attitude a provoqu\u00e9 les m\u00e9contentements de plusieurs diplomates, qui pensent que Pompeo \u00ab\u00a0n\u2019avait pas l\u2019intention de toucher \u00e0 la question\u00a0\u00bb, de peur qu\u2019il ne frustre la Maison blanche.<\/p>\n<p>Lors d\u2019une conf\u00e9rence de presse le 10 juin, le m\u00eame Pompeo n\u2019a pas h\u00e9sit\u00e9 d\u2019attaquer d\u2019autres pays en termes de croyance religieuse. \u00ab\u00a0Notre pays est sp\u00e9cial\u00a0\u00bb, \u00ab\u00a0c\u2019est le plus grand pays en mati\u00e8re de civilisation humaine\u00a0\u00bb, a-t-il lanc\u00e9. Sa vantardise a eu comme \u00e9cho des commentaires sulfureux de la part des internautes\u00a0: \u00ab\u00a0Ce pays a le plus \u00e9lev\u00e9 taux de contamination au COVID-19, trop sp\u00e9cial, non\u00a0?\u00a0\u00bb \u00ab\u00a0Vraiment sp\u00e9cial, sp\u00e9cialement raciste\u2026\u00a0\u00bb.<\/p>\n<p>Il y a 70 ans, dans son livre \u00ab\u00a0Le paradoxe am\u00e9ricain\u00a0\u00bb, le su\u00e9dois Karl Gunnar Myrdal a indiqu\u00e9 que le paradoxe des Etats-Unis provenait du d\u00e9calage entre les cr\u00e9dos du pays et les in\u00e9galit\u00e9s racistes existantes. Il revenait au gouvernement f\u00e9d\u00e9ral de r\u00e9soudre la contradiction, selon le chercheur.<\/p>\n<p>Cinquante ans apr\u00e8s l\u2019adoption de l\u2019Acte des droits civils, une loi qui abrogeait la discrimination raciale, le probl\u00e8me demeure non r\u00e9solu. Des officiels sont toujours capables d\u2019inciter ouvertement \u00e0 la discrimination raciale et de la tol\u00e9rer. Pure violation des droits de l\u2019homme. Triste r\u00e9alit\u00e9 de la soci\u00e9t\u00e9 am\u00e9ricaine.\u00a0<\/p>\n<p>Auteur: Kamel Mansari<br \/>\n<a href=\"http:\/\/www.jeune-independant.net\/Violations-des-droits-de-l-homme.html\">Cliquez ici pour lire l&rsquo;article depuis sa source.<\/a><\/p>\n","protected":false},"excerpt":{"rendered":"<p>\u00ab\u00a0Il est temps d\u2019ouvrir une enqu\u00eate contre les Etats-Unis, afin de les juger, comme ils l\u2019ont souvent soutenu \u00e0 l\u2019\u00e9gard d\u2019autres pays\u00a0\u00bb, a \u00e9crit American Civil Liberties Union dans une lettre adress\u00e9e au Conseil des Nations Unies pour les Droits de l\u2019homme. L\u2019association \u00e0 demande \u00e0 l\u2019ONU de convoquer une r\u00e9union d\u2019urgence pour enqu\u00eater sur [&hellip;]<\/p>\n","protected":false},"author":1737,"featured_media":0,"comment_status":"closed","ping_status":"closed","sticky":false,"template":"","format":"standard","meta":{"fifu_image_url":"","fifu_image_alt":"","footnotes":""},"categories":[73,53],"tags":[],"class_list":["post-88969","post","type-post","status-publish","format-standard","hentry","category-actualite","category-algerie"],"_links":{"self":[{"href":"https:\/\/linitiative.ca\/International\/wp-json\/wp\/v2\/posts\/88969","targetHints":{"allow":["GET"]}}],"collection":[{"href":"https:\/\/linitiative.ca\/International\/wp-json\/wp\/v2\/posts"}],"about":[{"href":"https:\/\/linitiative.ca\/International\/wp-json\/wp\/v2\/types\/post"}],"author":[{"embeddable":true,"href":"https:\/\/linitiative.ca\/International\/wp-json\/wp\/v2\/users\/1737"}],"replies":[{"embeddable":true,"href":"https:\/\/linitiative.ca\/International\/wp-json\/wp\/v2\/comments?post=88969"}],"version-history":[{"count":0,"href":"https:\/\/linitiative.ca\/International\/wp-json\/wp\/v2\/posts\/88969\/revisions"}],"wp:attachment":[{"href":"https:\/\/linitiative.ca\/International\/wp-json\/wp\/v2\/media?parent=88969"}],"wp:term":[{"taxonomy":"category","embeddable":true,"href":"https:\/\/linitiative.ca\/International\/wp-json\/wp\/v2\/categories?post=88969"},{"taxonomy":"post_tag","embeddable":true,"href":"https:\/\/linitiative.ca\/International\/wp-json\/wp\/v2\/tags?post=88969"}],"curies":[{"name":"wp","href":"https:\/\/api.w.org\/{rel}","templated":true}]}}