{"id":88972,"date":"2020-06-14T01:39:00","date_gmt":"2020-06-14T05:39:00","guid":{"rendered":"https:\/\/linitiative.ca\/International\/abdelaziz-kacem-bribes-dhistoire-racontees-aux-nuls\/"},"modified":"2020-06-14T01:39:00","modified_gmt":"2020-06-14T05:39:00","slug":"abdelaziz-kacem-bribes-dhistoire-racontees-aux-nuls","status":"publish","type":"post","link":"https:\/\/linitiative.ca\/International\/abdelaziz-kacem-bribes-dhistoire-racontees-aux-nuls\/","title":{"rendered":"Abdelaziz Kacem : Bribes d\u2019histoire racont\u00e9es aux nuls"},"content":{"rendered":"<p>La Tunisie a mal. Jusque-l\u00e0, les urnes de sa d\u00e9mocratie ne lui ont pas port\u00e9 bonheur. Surendett\u00e9e, exsangue, elle ressemble \u00e0 la chamelle que Ghayl\u00e2n le Berger\u00a0d\u00e9crit dans deux h\u00e9mistiches saisissants :<\/p>\n<p class=\"c4\"><span class=\"c3\"><strong><span class=\"c2\">\u0644\u0642\u062f \u0647\u064e\u0632\u064e\u0644\u062a\u0652 \u062d\u062a\u0649 \u0628\u062f\u0627 \u0645\u0646 \u0647\u064f\u0632\u0627\u0644\u0650\u0647\u0627 \u00a0\u00a0<\/span><\/strong><\/span><strong><span class=\"c2\">\u00a0<br \/><\/span><\/strong> <span class=\"c3\"><strong><span class=\"c2\">\u0643\u064f\u0644\u0627\u0647\u0627 \u0648\u062d\u062a\u0651\u0649 \u0633\u0627\u0645\u064e\u0647\u0627 \u0643\u0644\u0651\u064f \u0645\u064f\u0641\u0652\u0644\u0650\u0633\u0650<\/span><\/strong>\u00a0\u00a0<\/span> \u00a0 \u00a0 \u00a0 \u00a0 \u00a0\u00a0\u00a0\u00a0\u00a0\u00a0\u00a0\u00a0\u00a0\u00a0\u00a0\u00a0\u00a0\u00a0\u00a0\u00a0\u00a0\u00a0\u00a0\u00a0\u00a0\u00a0\u00a0\u00a0\u00a0\u00a0\u00a0\u00a0\u00a0\u00a0\u00a0\u00a0\u00a0\u00a0\u00a0\u00a0\u00a0\u00a0\u00a0\u00a0\u00a0\u00a0\u00a0\u00a0\u00a0\u00a0\u00a0\u00a0\u00a0\u00a0\u00a0\u00a0\u00a0\u00a0\u00a0\u00a0\u00a0\u00a0\u00a0\u00a0\u00a0\u00a0\u00a0\u00a0\u00a0\u00a0\u00a0<\/p>\n<p class=\"c4\"><em>Elle est si efflanqu\u00e9e que ses reins sont palpables<br \/>\u00a0\u00a0\u00a0\u00a0\u00a0\u00a0\u00a0\u00a0\u00a0\u00a0\u00a0\u00a0\u00a0\u00a0\u00a0\u00a0\u00a0\u00a0\u00a0\u00a0\u00a0\u00a0\u00a0\u00a0\u00a0\u00a0\u00a0\u00a0\u00a0\u00a0 Et qu\u2019elle est marchand\u00e9e par tous les insolvables<\/em><\/p>\n<p class=\"c5\">Nagu\u00e8re, notre pays pouvait compter sur nombre de pays fr\u00e8res et amis. Nous n\u2019en avons presque plus. Ce vide, un chacal et un fennec\u00a0 veulent le combler. La motion du PDL, d\u00e9battue mercredi 3 juin, visait \u00e0 emp\u00eacher cette inf\u00e2mante tentative de mainmise. Elle n\u2019est pas pass\u00e9e, mais, pour Cheikh Rached, l\u2019alerte a \u00e9t\u00e9 chaude et l\u2019avertissement s\u00e9v\u00e8re.\u00a0Nous reculons, certes, mais nous n\u2019en sommes pas au temps des janissaires, ni en celui d\u2019Abou Zid al-Hilali.<\/p>\n<p class=\"c5\">\u00c9reint\u00e9s par les diatribes de leurs adversaires, les plus turbulents des d\u00e9put\u00e9s salafistes, croyant pouvoir faire oublier les outrages qu\u2019ils ont subis, ont d\u00e9cid\u00e9 de gagner une bataille qu\u2019ils croyaient facile et qui leur assurerait d\u2019importants gains \u00e9lectoraux. Le populisme marche bien en Europe, il marchera aussi pour eux, pensent-ils. Ils d\u00e9cident donc d\u2019enfourcher leurs haridelles patriotiques pour sommer la France de s\u2019excuser pour les crimes perp\u00e9tr\u00e9s pendant la p\u00e9riode coloniale, et de nous compenser pour les richesses de nos sols et sous-sols dont elle s\u2019est appropri\u00e9e.<\/p>\n<p class=\"c5\">L\u2019affaire \u00e9tait jouable. Qui oserait voter contre\u00a0une revendication aussi l\u00e9gitime et aussi charg\u00e9e d\u2019\u00e9motion ? La motion obtient 75 voix pour, ce n\u2019est pas suffisant. Il en faudrait 34 de plus. Adieu veau, vache, couv\u00e9e\u00a0! C\u2019est l\u2019abstention inattendue de Nahdha qui fit capoter la bravade. En revanche, nombreux sont les d\u00e9put\u00e9s dits modernistes qui, par r\u00e9flexe nationaliste pavlovien, ont soutenu l\u2019absurde.<\/p>\n<p class=\"c5\">Les \u00ab\u00a0Karamistes\u00a0\u00bb se sont sentis trahis par le p\u00e8re. Leur porte-parole, chef des LPR de sinistre m\u00e9moire et, de surcro\u00eet, \u00e9mir du Kram, d\u00e9blat\u00e9rera sur Nahdha en termes crus et obsc\u00e8nes. Il faut les comprendre. Incapables d\u2019offrir un seul emploi \u00e0 l\u2019un de leurs \u00e9lecteurs de plus en plus appauvris, ils ont b\u00eatement pens\u00e9 que les dommages-int\u00e9r\u00eats, que la France serait forc\u00e9e de payer, serviraient \u00e0 noyer dans l\u2019opulence les trois quarts de la population.<\/p>\n<p class=\"c5\">Quinze heures durant, j\u2019ai suivi, sto\u00efquement les joutes. Rares sont les d\u00e9put\u00e9s qui ont vilipend\u00e9, sans d\u00e9tours, la d\u00e9marche. En revanche, les \u00ab\u00a0francophonophobes\u00a0\u00bb atrabilaires n\u2019ont pas manqu\u00e9 de vomir leurs injures \u00e0 l\u2019encontre de ceux qu\u2019ils appellent \u00ab\u00a0les Spahis\u00a0\u00bb ou \u00ab\u00a0les orphelins de la France\u00a0\u00bb dont les intellectuels de mon esp\u00e8ce. La langue fran\u00e7aise, en nette r\u00e9gression, dans le pays, agace ceux qui peinent \u00e0 la baragouiner. Des politicards, des ministres, des salafistes aussi se rendent ridicules en \u00e9maillant leur discours de \u00ab\u00a0fakilt\u00e9\u00a0\u00bb (pour facult\u00e9), de \u00ab\u00a0r\u00e9kil\u00a0\u00bb (pour recul) et de \u00ab\u00a0cactis\u00a0\u00bb (pour cactus). Maudite soit la fi\u00e8re langue de Moli\u00e8re, toujours r\u00e9tive \u00e0 l\u2019in\u00e9l\u00e9gance et au b\u00e9douinisme identitaire.<\/p>\n<p class=\"c5\">Pour ma part, je restai interdit, en regardant ces repr\u00e9sentants mal \u00e9lus s\u2019acharner \u00e0 scier l\u2019une des derni\u00e8res branches sur lesquelles notre pays est encore assis. Avant de faire payer son pass\u00e9 colonial \u00e0 la France, la moindre des exigences de la vraie \u00ab\u00a0KARAMA\u00a0\u00bb, c\u2019est de penser au million de Tunisiens qui y vivent et profitent de son hospitalit\u00e9. Ils sont plus que jamais livr\u00e9s \u00e0 la vindicte de l\u2019extr\u00eame droite.<\/p>\n<p class=\"c5\">J\u2019ai publi\u00e9 en France un essai s\u00e9v\u00e8re contre l\u2019Europe, en g\u00e9n\u00e9ral, et la France, en particulier\u00a0: L\u2019Occident et nous (L\u2019Harmattan, 2016). J\u2019y relaie la position de Bourguiba. Au lieu d\u2019excuses et de compensations \u00e9ph\u00e9m\u00e8res, le Combattant supr\u00eame formulait trois revendications\u00a0: une amiti\u00e9 \u00e9galitaire, un contrat de civilisation et un transfert des technologies. Et puis, faut-il le rappeler, la Tunisie punique a occup\u00e9 la Sicile et l\u2019Espagne. On devine d\u2019o\u00f9 vient le nom de la ville de Carthag\u00e8ne (Cartagena) et la ville de Barcelone se r\u00e9f\u00e8re \u00e0 la famille Barca (Hamilcar et Hannibal). La Tunisie musulmane a r\u00e9occup\u00e9 la Sicile et particip\u00e9 activement \u00e0 la conqu\u00eate de la P\u00e9ninsule Ib\u00e9rique.<\/p>\n<p class=\"c5\">Sous les Aghlabides puis sous les Fatimides, des marins tunisiens\u00a0 conquirent pratiquement le d\u00e9partement fran\u00e7ais du Var (889-972). Ce n\u2019est pas pour rien que la chaine de montagnes qu\u2019ils ont domin\u00e9e s\u2019appelle Le Massif des Maures, d\u00e9sign\u00e9 par les g\u00e9ographes arabes sous le nom de Jabal al-Qil\u00e2l (La Montagne des Cimes)\u00a0; le nom de la ville de Ramatuelle vient de l\u2019arabe Rahmatullah (Bienfait de Dieu) et le beau village de Gassin s\u2019appelait, en ces temps-l\u00e0, Gualdilxart (Oued al-Qasr, Vall\u00e9e du Ch\u00e2teau). On sait, gr\u00e2ce au c\u00e9l\u00e8bre historien andalou Ibn Hayy\u00e2n (988-1076), que l\u2019\u00e9tablissement du Fakharshinit (le Fraxinet, dans le Var)\u00a0atteint son apog\u00e9e, vers 940, sous l\u2019autorit\u00e9 du q\u00e2\u2019id (commandant civil et militaire) Nasr Ibn Ahmad. (Cf. mon livre La Parent\u00e9 reni\u00e9e, L\u2019Harmattan, 2002). Les n\u00f4tres y sont rest\u00e9s quatre-vingt-trois ans, huit ans de plus que les soixante-quinze ans du Protectorat. La Tunisie doit-elle s\u2019en excuser et en payer les d\u00e9g\u00e2ts\u00a0?<\/p>\n<p class=\"c5\">En l\u2019an 146, av. J.-C., lors de la Troisi\u00e8me-Guerre punique, les Romains ont litt\u00e9ralement incendi\u00e9 la Cit\u00e9 de Carthage et extermin\u00e9 sa population. C\u2019\u00e9tait en application au slogan de Caton l\u2019Ancien \u00ab\u00a0Delenda Carthago est\u00a0\u00bb (Il faut d\u00e9truire Carthage). Ne devrions-nous pas demander des comptes \u00e0 l\u2019Italie\u00a0?<\/p>\n<p class=\"c5\">La Tunisie vient de perdre Chedli Klibi, l\u2019homme \u00e0 la grande stature arabe et m\u00e9diterran\u00e9enne. En mai 1972, en sa qualit\u00e9 de ministre fondateur du d\u00e9partement des Affaires culturelles et de maire de Carthage, il lan\u00e7a du haut de la colline de Byrsa et en pr\u00e9sence de Ren\u00e9 Maheu, Directeur g\u00e9n\u00e9ral de l\u2019UNESCO, son retentissant appel \u00ab\u00a0Servanda Carthago est\u00a0\u00bb, il faut sauver Carthage. La sauver, \u00e0 l\u2019int\u00e9rieur, des pr\u00e9dateurs qui voulaient faire main basse sur ses terrains profond\u00e9ment labour\u00e9s par l\u2019histoire\u00a0; \u00e0 l\u2019ext\u00e9rieur, il entendait mobiliser toutes les bonnes volont\u00e9s, toutes les comp\u00e9tences arch\u00e9ologiques mondiales pour mettre au jour les tr\u00e9sors enfouis de la cit\u00e9 de Didon.<\/p>\n<p class=\"c5\">F\u00e9ru d\u2019histoire, il s\u2019aper\u00e7oit que Carthage et Rome sont rest\u00e9es juridiquement en \u00e9tat de bellig\u00e9rance, il en profite, pour inviter, en tant que maire, son homologue romain, \u00e0 venir signer un trait\u00e9 de paix en bonne et due forme. Ce fut fait le 5 f\u00e9vrier 1985. La symbolique de l\u2019acte eut un grand retentissement, ce qui motiva les pouvoirs et les savants italiens \u00e0 s\u2019investir davantage dans le processus du \u00ab\u00a0sauvetage\u00a0\u00bb de Carthage. Mais tout le monde n\u2019est pas Chedli Klibi. Quand l\u2019inculte s\u2019en m\u00eale, le pays tout entier sombre dans le ridicule\u2026<\/p>\n<p class=\"c5\"><strong>Abdelaziz Kacem<\/strong><br \/>\u00a0<\/p>\n<p>Auteur:<br \/>\n<a href=\"https:\/\/www.leaders.com.tn\/article\/30110-abdelaziz-kacem-bribes-d-histoire-racontees-aux-nuls\">Cliquez ici pour lire l&rsquo;article depuis sa source.<\/a><\/p>\n","protected":false},"excerpt":{"rendered":"<p>La Tunisie a mal. Jusque-l\u00e0, les urnes de sa d\u00e9mocratie ne lui ont pas port\u00e9 bonheur. Surendett\u00e9e, exsangue, elle ressemble \u00e0 la chamelle que Ghayl\u00e2n le Berger\u00a0d\u00e9crit dans deux h\u00e9mistiches saisissants : \u0644\u0642\u062f \u0647\u064e\u0632\u064e\u0644\u062a\u0652 \u062d\u062a\u0649 \u0628\u062f\u0627 \u0645\u0646 \u0647\u064f\u0632\u0627\u0644\u0650\u0647\u0627 \u00a0\u00a0\u00a0 \u0643\u064f\u0644\u0627\u0647\u0627 \u0648\u062d\u062a\u0651\u0649 \u0633\u0627\u0645\u064e\u0647\u0627 \u0643\u0644\u0651\u064f \u0645\u064f\u0641\u0652\u0644\u0650\u0633\u0650\u00a0\u00a0 \u00a0 \u00a0 \u00a0 \u00a0 \u00a0\u00a0\u00a0\u00a0\u00a0\u00a0\u00a0\u00a0\u00a0\u00a0\u00a0\u00a0\u00a0\u00a0\u00a0\u00a0\u00a0\u00a0\u00a0\u00a0\u00a0\u00a0\u00a0\u00a0\u00a0\u00a0\u00a0\u00a0\u00a0\u00a0\u00a0\u00a0\u00a0\u00a0\u00a0\u00a0\u00a0\u00a0\u00a0\u00a0\u00a0\u00a0\u00a0\u00a0\u00a0\u00a0\u00a0\u00a0\u00a0\u00a0\u00a0\u00a0\u00a0\u00a0\u00a0\u00a0\u00a0\u00a0\u00a0\u00a0\u00a0\u00a0\u00a0\u00a0\u00a0\u00a0\u00a0 Elle est si efflanqu\u00e9e que ses [&hellip;]<\/p>\n","protected":false},"author":1772,"featured_media":0,"comment_status":"closed","ping_status":"closed","sticky":false,"template":"","format":"standard","meta":{"fifu_image_url":"","fifu_image_alt":"","footnotes":""},"categories":[73,55],"tags":[],"class_list":["post-88972","post","type-post","status-publish","format-standard","hentry","category-actualite","category-tunisie"],"_links":{"self":[{"href":"https:\/\/linitiative.ca\/International\/wp-json\/wp\/v2\/posts\/88972","targetHints":{"allow":["GET"]}}],"collection":[{"href":"https:\/\/linitiative.ca\/International\/wp-json\/wp\/v2\/posts"}],"about":[{"href":"https:\/\/linitiative.ca\/International\/wp-json\/wp\/v2\/types\/post"}],"author":[{"embeddable":true,"href":"https:\/\/linitiative.ca\/International\/wp-json\/wp\/v2\/users\/1772"}],"replies":[{"embeddable":true,"href":"https:\/\/linitiative.ca\/International\/wp-json\/wp\/v2\/comments?post=88972"}],"version-history":[{"count":0,"href":"https:\/\/linitiative.ca\/International\/wp-json\/wp\/v2\/posts\/88972\/revisions"}],"wp:attachment":[{"href":"https:\/\/linitiative.ca\/International\/wp-json\/wp\/v2\/media?parent=88972"}],"wp:term":[{"taxonomy":"category","embeddable":true,"href":"https:\/\/linitiative.ca\/International\/wp-json\/wp\/v2\/categories?post=88972"},{"taxonomy":"post_tag","embeddable":true,"href":"https:\/\/linitiative.ca\/International\/wp-json\/wp\/v2\/tags?post=88972"}],"curies":[{"name":"wp","href":"https:\/\/api.w.org\/{rel}","templated":true}]}}