{"id":88980,"date":"2020-06-14T06:00:00","date_gmt":"2020-06-14T10:00:00","guid":{"rendered":"https:\/\/linitiative.ca\/International\/bendouda-preside-la-2e-reunion-de-la-commission-chargee-de-letablissement-de-la-carte-archeologique\/"},"modified":"2020-06-14T06:00:00","modified_gmt":"2020-06-14T10:00:00","slug":"bendouda-preside-la-2e-reunion-de-la-commission-chargee-de-letablissement-de-la-carte-archeologique","status":"publish","type":"post","link":"https:\/\/linitiative.ca\/International\/bendouda-preside-la-2e-reunion-de-la-commission-chargee-de-letablissement-de-la-carte-archeologique\/","title":{"rendered":"Bendouda pr\u00e9side la  2e r\u00e9union de la commission charg\u00e9e de l\u2019\u00e9tablissement  de la carte arch\u00e9ologique"},"content":{"rendered":"<p>La ministre de la Culture, Malika Bendouda, a pr\u00e9sid\u00e9 mercredi la deuxi\u00e8me r\u00e9union \u00e9largie de la commission charg\u00e9e de l\u2019\u00e9tablissement de la carte arch\u00e9ologique alg\u00e9rienne, indique un communiqu\u00e9 du minist\u00e8re.<br \/>Lors de la r\u00e9union, Mme Bendouda a instruit les chercheurs, experts et acteurs du patrimoine culturel membres de la commission de finaliser cet important projet avant la fin de l&rsquo;ann\u00e9e, selon la m\u00eame source qui pr\u00e9cise que ce projet permettra de \u00abrecenser le patrimoine arch\u00e9ologique et les biens culturels immobiliers \u00e0 travers l&rsquo;ensemble du territoire national pour une meilleure prise en charge \u00e0 l\u2019avenir\u00bb.<\/p>\n<p>Auteur:<br \/>\n<a href=\"https:\/\/www.lesoirdalgerie.com\/culture\/bendouda-preside-la-2e-reunion-de-la-commission-chargee-de-letablissement-de-la-carte-archeologique-43431\">Cliquez ici pour lire l&rsquo;article depuis sa source.<\/a><\/p>\n","protected":false},"excerpt":{"rendered":"<p>La ministre de la Culture, Malika Bendouda, a pr\u00e9sid\u00e9 mercredi la deuxi\u00e8me r\u00e9union \u00e9largie de la commission charg\u00e9e de l\u2019\u00e9tablissement de la carte arch\u00e9ologique alg\u00e9rienne, indique un communiqu\u00e9 du minist\u00e8re.Lors de la r\u00e9union, Mme Bendouda a instruit les chercheurs, experts et acteurs du patrimoine culturel membres de la commission de finaliser cet important projet avant [&hellip;]<\/p>\n","protected":false},"author":1741,"featured_media":0,"comment_status":"closed","ping_status":"closed","sticky":false,"template":"","format":"standard","meta":{"fifu_image_url":"","fifu_image_alt":"","footnotes":""},"categories":[73,53],"tags":[],"class_list":["post-88980","post","type-post","status-publish","format-standard","hentry","category-actualite","category-algerie"],"_links":{"self":[{"href":"https:\/\/linitiative.ca\/International\/wp-json\/wp\/v2\/posts\/88980","targetHints":{"allow":["GET"]}}],"collection":[{"href":"https:\/\/linitiative.ca\/International\/wp-json\/wp\/v2\/posts"}],"about":[{"href":"https:\/\/linitiative.ca\/International\/wp-json\/wp\/v2\/types\/post"}],"author":[{"embeddable":true,"href":"https:\/\/linitiative.ca\/International\/wp-json\/wp\/v2\/users\/1741"}],"replies":[{"embeddable":true,"href":"https:\/\/linitiative.ca\/International\/wp-json\/wp\/v2\/comments?post=88980"}],"version-history":[{"count":0,"href":"https:\/\/linitiative.ca\/International\/wp-json\/wp\/v2\/posts\/88980\/revisions"}],"wp:attachment":[{"href":"https:\/\/linitiative.ca\/International\/wp-json\/wp\/v2\/media?parent=88980"}],"wp:term":[{"taxonomy":"category","embeddable":true,"href":"https:\/\/linitiative.ca\/International\/wp-json\/wp\/v2\/categories?post=88980"},{"taxonomy":"post_tag","embeddable":true,"href":"https:\/\/linitiative.ca\/International\/wp-json\/wp\/v2\/tags?post=88980"}],"curies":[{"name":"wp","href":"https:\/\/api.w.org\/{rel}","templated":true}]}}