{"id":88990,"date":"2020-06-14T16:58:42","date_gmt":"2020-06-14T20:58:42","guid":{"rendered":"https:\/\/linitiative.ca\/International\/en-attendant-le-verdict-des-urnes\/"},"modified":"2020-06-14T16:58:42","modified_gmt":"2020-06-14T20:58:42","slug":"en-attendant-le-verdict-des-urnes","status":"publish","type":"post","link":"https:\/\/linitiative.ca\/International\/en-attendant-le-verdict-des-urnes\/","title":{"rendered":"En attendant le verdict des urnes"},"content":{"rendered":"<div class=\"td-post-featured-image\"><a href=\"https:\/\/www.sidwaya.info\/wp-content\/uploads\/2020\/06\/dgsidwaya-1.jpg\" data-caption=\"\"><img loading=\"lazy\" decoding=\"async\" width=\"418\" height=\"520\" class=\"entry-thumb td-modal-image\" src=\"https:\/\/www.sidwaya.info\/wp-content\/uploads\/2020\/06\/dgsidwaya-1.jpg\" srcset=\"https:\/\/www.sidwaya.info\/wp-content\/uploads\/2020\/06\/dgsidwaya-1.jpg 418w, https:\/\/www.sidwaya.info\/wp-content\/uploads\/2020\/06\/dgsidwaya-1-241x300.jpg 241w, https:\/\/www.sidwaya.info\/wp-content\/uploads\/2020\/06\/dgsidwaya-1-338x420.jpg 338w\" sizes=\"auto, (max-width: 418px) 100vw, 418px\" alt=\"\" title=\"dgsidwaya\"\/><\/a><\/div>\n<p>A moins de six mois des \u00e9ch\u00e9ances \u00e9lectorales, les sp\u00e9culations vont bon train. Selon le \u00ab Pr\u00e9sim\u00e8tre \u00bb, sondage du Centre pour la gouvernance d\u00e9mocratique (CGD), si l\u2019\u00e9lection pr\u00e9sidentielle du 22 novembre prochain au Burkina Faso devait se tenir en ce mois de juin, le pr\u00e9sident-candidat, Roch Marc Christian Kabor\u00e9, serait cr\u00e9dit\u00e9 de la note de 4,53 sur 10. Dans cette hypoth\u00e8se, le chef de l\u2019Etat devrait affronter au second tour un de ses nombreux challengers de l\u2019opposition politique ou un candidat ind\u00e9pendant. Ce sondage qui s\u2019appuie sur une enqu\u00eate de 2 506 personnes, de 18 ans et plus, issues des diff\u00e9rentes couches sociales, n\u2019est qu\u2019une photographie plus ou moins fid\u00e8le d\u2019une r\u00e9alit\u00e9 qui n\u2019existe pas encore. La g\u00e9opolitique locale, \u00e0 ce titre, ne vaut que ce qu\u2019elle vaut, puisque traduisant le point de vue d\u2019un \u00e9chantillon cens\u00e9 \u00eatre repr\u00e9sentatif de la population \u00e0 un moment donn\u00e9, qui peut varier, au moment d\u00e9fini. C\u2019est d\u2019ailleurs cette pouss\u00e9e en dents de scie qui caract\u00e9rise les r\u00e9sultats des sondages du \u00ab\u00a0Pr\u00e9sim\u00e8tre\u00a0\u00bb, plus ou moins favorables \u00e0 Roch Kabor\u00e9. Libre \u00e0 chacun de voir le verre \u00e0 moiti\u00e9 plein ou \u00e0 moiti\u00e9 vide. Mais l\u00e0 o\u00f9 tous s\u2019accordent, ce sont les efforts fournis par un gouvernement, dont le chef d\u2019orchestre demeure le chef de l\u2019Etat. Le contexte sous r\u00e9gional, enclin \u00e0 pousser vers le pessimisme, n\u2019a jamais \u00e9branl\u00e9 le pr\u00e9sident Kabor\u00e9 qui, en bon capitaine, a toujours su jouer sa partition avec une m\u00e9thode propre \u00e0 lui. La note de 4,53 sur 10, rapport\u00e9e \u00e0 une \u00e9chelle de 100, fait 45,3% d\u2019un suffrage avec un besoin d\u2019au moins 50% pour rempiler. Et on se prend \u00e0 jouer \u00e0 l\u2019arithm\u00e9tique. Si un seul candidat capitalise plus de 45,3% du choix des \u00e9lecteurs au premier tour, pour qu\u2019il perde la face au second tour, il faudrait que son poursuivant imm\u00e9diat ait 44%. Il ne restera plus que 0,7 % de suffrage \u00e0 rechercher. M\u00eame dans les d\u00e9mocraties \u00ab sovi\u00e9tiques \u00bb, pour que cela se r\u00e9alise, il faudrait bien plus qu\u2019un sondage. Oui donc au sondage qui est un instrument permettant \u00e0 certains pr\u00e9tendants au tr\u00f4ne de r\u00eaver et \u00e0 d\u2019autres de se retrousser les manches pour le combat. Les sond\u00e9s, de mani\u00e8re globale, n\u2019ont pas laiss\u00e9 le choix aux concurrents du pr\u00e9sident Kabor\u00e9. En milieu urbain (4,41\/10) et rural (4,57\/10), on aurait pu se demander \u00ab qui dit mieux \u00bb ou \u00ab qui fait mieux \u00bb. Si dans certains domaines les sond\u00e9s demandent encore des efforts en mati\u00e8re de gouvernance, dans bien d\u2019autres, ils saluent l\u2019action de Roch Marc Christian Kabor\u00e9, notamment dans ceux hautement strat\u00e9giques, comme les Infrastructures, la Sant\u00e9, l\u2019Energie et les Droits de l\u2019Homme. Avec la maxime qui veut que la \u00ab route du d\u00e9veloppement passe par le d\u00e9veloppement de la route \u00bb, on peut bien affirmer que les prouesses observ\u00e9es dans le domaine des infrastructures routi\u00e8res traduisent une vision claire, accept\u00e9e par la majorit\u00e9 des Burkinab\u00e8. Ceux-ci ont \u00e9galement salu\u00e9 la mise en valeur du patrimoine vestimentaire \u00e0 travers le Faso Dan Fani. Un tissu que Roch Kabor\u00e9 de par sa m\u00e9thode, son temp\u00e9rament d\u2019homme de dialogue, a su faire adopter par ses compatriotes, pour en faire une v\u00e9ritable identit\u00e9. Ce sondage a, en outre, donn\u00e9 la parole \u00e0 parts \u00e9gales aux partisans de Roch Marc Christian Kabor\u00e9 et de l\u2019opposition (6% chacun) et des syndicats 5%. En attendant le sondage des urnes le 22 novembre prochain, le pr\u00e9sident Kabor\u00e9 fait face aux pr\u00e9occupations du moment : la gestion de la COVID-19, avec les mesures sociales et la lutte contre le terrorisme. D\u2019ores et d\u00e9j\u00e0, la mise en \u0153uvre de mesures sociales (acquisition d\u2019une centaine d\u2019ambulances, gratuit\u00e9 du planning familial, mise en route du projet Un \u00e9tudiant un ordinateur portable\u2026) appara\u00eet comme une r\u00e9ponse \u00e0 ce sondage et pourrait substantiellement contribuer \u00e0 am\u00e9liorer la note pr\u00e9sidentielle \u00e0 la prochaine confrontation.<\/p>\n<div class=\"td-a-rec td-a-rec-id-content_bottom tdi_30_98e td_block_template_1\"><img loading=\"lazy\" decoding=\"async\" class=\"aligncenter size-full wp-image-22415\" src=\"https:\/\/www.sidwaya.info\/wp-content\/uploads\/2020\/05\/Bandeau-paiement-mobile-site.png\" alt=\"\" width=\"728\" height=\"90\"\/><\/div>\n<p>Auteur: BM. Sidwaya<br \/>\n<a href=\"https:\/\/www.sidwaya.info\/blog\/2020\/06\/14\/en-attendant-le-verdict-des-urnes\/\">Cliquez ici pour lire l&rsquo;article depuis sa source.<\/a><\/p>\n","protected":false},"excerpt":{"rendered":"<p>A moins de six mois des \u00e9ch\u00e9ances \u00e9lectorales, les sp\u00e9culations vont bon train. Selon le \u00ab Pr\u00e9sim\u00e8tre \u00bb, sondage du Centre pour la gouvernance d\u00e9mocratique (CGD), si l\u2019\u00e9lection pr\u00e9sidentielle du 22 novembre prochain au Burkina Faso devait se tenir en ce mois de juin, le pr\u00e9sident-candidat, Roch Marc Christian Kabor\u00e9, serait cr\u00e9dit\u00e9 de la note [&hellip;]<\/p>\n","protected":false},"author":1816,"featured_media":88991,"comment_status":"closed","ping_status":"closed","sticky":false,"template":"","format":"standard","meta":{"fifu_image_url":"","fifu_image_alt":"","footnotes":""},"categories":[73,81],"tags":[],"class_list":["post-88990","post","type-post","status-publish","format-standard","has-post-thumbnail","hentry","category-actualite","category-burkina-faso"],"_links":{"self":[{"href":"https:\/\/linitiative.ca\/International\/wp-json\/wp\/v2\/posts\/88990","targetHints":{"allow":["GET"]}}],"collection":[{"href":"https:\/\/linitiative.ca\/International\/wp-json\/wp\/v2\/posts"}],"about":[{"href":"https:\/\/linitiative.ca\/International\/wp-json\/wp\/v2\/types\/post"}],"author":[{"embeddable":true,"href":"https:\/\/linitiative.ca\/International\/wp-json\/wp\/v2\/users\/1816"}],"replies":[{"embeddable":true,"href":"https:\/\/linitiative.ca\/International\/wp-json\/wp\/v2\/comments?post=88990"}],"version-history":[{"count":0,"href":"https:\/\/linitiative.ca\/International\/wp-json\/wp\/v2\/posts\/88990\/revisions"}],"wp:featuredmedia":[{"embeddable":true,"href":"https:\/\/linitiative.ca\/International\/wp-json\/"}],"wp:attachment":[{"href":"https:\/\/linitiative.ca\/International\/wp-json\/wp\/v2\/media?parent=88990"}],"wp:term":[{"taxonomy":"category","embeddable":true,"href":"https:\/\/linitiative.ca\/International\/wp-json\/wp\/v2\/categories?post=88990"},{"taxonomy":"post_tag","embeddable":true,"href":"https:\/\/linitiative.ca\/International\/wp-json\/wp\/v2\/tags?post=88990"}],"curies":[{"name":"wp","href":"https:\/\/api.w.org\/{rel}","templated":true}]}}