{"id":88992,"date":"2020-06-14T17:03:11","date_gmt":"2020-06-14T21:03:11","guid":{"rendered":"https:\/\/linitiative.ca\/International\/region-du-nord-echanges-instructifs-entre-bala-sakande-et-les-elus\/"},"modified":"2020-06-14T17:03:11","modified_gmt":"2020-06-14T21:03:11","slug":"region-du-nord-echanges-instructifs-entre-bala-sakande-et-les-elus","status":"publish","type":"post","link":"https:\/\/linitiative.ca\/International\/region-du-nord-echanges-instructifs-entre-bala-sakande-et-les-elus\/","title":{"rendered":"R\u00e9gion du Nord: echanges instructifs entre Bala Sakand\u00e9 et les \u00e9lus"},"content":{"rendered":"<div class=\"td-post-featured-image\"><a href=\"https:\/\/www.sidwaya.info\/wp-content\/uploads\/2020\/06\/nordbf.jpg\" data-caption=\"\"><img loading=\"lazy\" decoding=\"async\" width=\"696\" height=\"509\" class=\"entry-thumb td-modal-image\" src=\"https:\/\/www.sidwaya.info\/wp-content\/uploads\/2020\/06\/nordbf-696x509.jpg\" srcset=\"https:\/\/www.sidwaya.info\/wp-content\/uploads\/2020\/06\/nordbf-696x509.jpg 696w, https:\/\/www.sidwaya.info\/wp-content\/uploads\/2020\/06\/nordbf-300x219.jpg 300w, https:\/\/www.sidwaya.info\/wp-content\/uploads\/2020\/06\/nordbf-574x420.jpg 574w, https:\/\/www.sidwaya.info\/wp-content\/uploads\/2020\/06\/nordbf-80x60.jpg 80w, https:\/\/www.sidwaya.info\/wp-content\/uploads\/2020\/06\/nordbf.jpg 711w\" sizes=\"auto, (max-width: 696px) 100vw, 696px\" alt=\"\" title=\"nordbf\"\/><\/a><\/div>\n<p><strong>Le s\u00e9jour du pr\u00e9sident de l\u2019Assembl\u00e9e nationale, les 11 et 12 juin 2020 \u00e0 Ouahigouya, a \u00e9t\u00e9 marqu\u00e9 par la rencontre avec les \u00e9lus locaux, les Forces de d\u00e9fense et de s\u00e9curit\u00e9 (FDS) et l\u2019administration publique. L\u2019op\u00e9rationnalisation de la loi sur les Volontaires pour la d\u00e9fense de la patrie et la question des d\u00e9plac\u00e9s internes ont domin\u00e9 les d\u00e9bats.<\/strong><\/p>\n<p>Quatre communications ont servi \u00e0 camper le d\u00e9cor des \u00e9changes entre la d\u00e9l\u00e9gation de l\u2019Assembl\u00e9e nationale et les \u00e9lus de la r\u00e9gion du Nord, le vendredi 12 juin 2020 \u00e0 la mairie de Ouahigouya. Mais les th\u00e9matiques en lien avec l\u2019op\u00e9rationnalisation de la loi sur les Volontaires pour la d\u00e9fense de la partie (VDP) et la question des Personnes d\u00e9plac\u00e9es internes (PDI) ont domin\u00e9 les d\u00e9bats lors de cette rencontre pr\u00e9sid\u00e9e par la 4e vice-pr\u00e9sidente de l\u2019Assembl\u00e9e nationale, Elise Ilboudo. Sur les VDP, c\u2019est le commandant du secteur-Ouest du Groupement des forces pour la s\u00e9curisation du Nord (GFSN) par ailleurs chef de corps du 2e R\u00e9giment d\u2019infanterie commando (RIC), Mohamed Emmanuel Zoungrana, qui a eu la charge d\u2019\u00e9clairer l\u2019assistance. Selon lui, le processus de recrutement des volontaires se fait avec la participation des points focaux dans les communes et la collaboration des autorit\u00e9s locales (maire, pr\u00e9fet, pr\u00e9sident du Comit\u00e9 villageois de d\u00e9veloppement). \u00ab\u00a0Apr\u00e8s le recensement, nous menons des enqu\u00eates de moralit\u00e9 au niveau r\u00e9gional. Ensuite, pendant leur formation, les \u00e9tats identitaires sont envoy\u00e9s \u00e0 la hi\u00e9rarchie pour approfondir ces enqu\u00eates avec l\u2019appui des services de renseignement\u00a0\u00bb, a-t-il expliqu\u00e9. Ces enqu\u00eates permettent, selon le colonel Zoungrana, d\u2019\u00e9viter les infiltrations dans les rangs des VDP. Que deviendront les volontaires \u00e0 la fin de leur contrat ou \u00e0 la fin du terrorisme? R\u00e9agissant \u00e0 cette interrogation du 1er adjoint au maire de Boussou, Rapha\u00ebl Tontepambo, le patron du 2e RIC a r\u00e9torqu\u00e9\u00a0: \u00ab\u00a0La r\u00e9ponse \u00e0 cette question rel\u00e8ve du ressort des autorit\u00e9s politiques. Notre travail consiste \u00e0 rendre op\u00e9rationnels les VDP sur le terrain\u00a0\u00bb. Il a pr\u00e9cis\u00e9 que 916 VDP ont \u00e9t\u00e9 d\u00e9j\u00e0 recrut\u00e9s dans le Nord mais 29 ne sont plus dans les rangs pour cause de d\u00e9c\u00e8s ou de radiation. A la question de savoir si les VDP sont cons\u00e9quemment \u00e9quip\u00e9s pour lutter contre les bandits arm\u00e9s, le lieutenant-colonel Zoungrana a fait savoir que tous les VDP ne sont pas syst\u00e9matiquement dot\u00e9s d\u2019armes. \u00ab\u00a0Le nombre d\u2019armes se d\u00e9finit selon le risque s\u00e9curitaire de la zone d\u2019appartenance du VDP pour \u00e9viter que des zones o\u00f9 le risque est moindre ne disposent de plus d\u2019armes au d\u00e9triment des communes fortement impact\u00e9es par les attaques terroristes\u00a0\u00bb, a-t-il justifi\u00e9.<\/p>\n<p>\u00ab\u00a0Bient\u00f4t la victoire\u00a0\u00bb<\/p>\n<div class=\"td-a-rec td-a-rec-id-content_inline tdi_30_d8f td_block_template_1\"><img loading=\"lazy\" decoding=\"async\" class=\"aligncenter size-full wp-image-21314\" src=\"https:\/\/www.sidwaya.info\/wp-content\/uploads\/2020\/04\/Bandeau-Covid-19-Sidwaya-1.jpg\" alt=\"\" width=\"790\" height=\"98\"\/><\/div>\n<p>Il a aussi \u00e9voqu\u00e9 des risques d\u2019affrontements. \u00ab\u00a0Nous faisons attention, car les VDP pourraient utiliser ces armes les uns contre les autres en cas d\u2019altercation ou d\u2019incompr\u00e9hension entre deux groupes\u00a0\u00bb, a pr\u00e9cis\u00e9 M. Zoungrana. A cela s\u2019ajoute le fait qu\u2019ils ne ma\u00eetrisent pas toutes les armes de guerre apr\u00e8s seulement deux semaines de formation. Sur la question de la cr\u00e9ation des d\u00e9tachements militaires dans les communes sous menace pour rendre les interventions rapides et efficaces, le patron du 2e RIC a \u00e9t\u00e9 sans ambages\u00a0: \u00ab\u00a0si l\u2019arm\u00e9e nationale avait des effectifs lui permettant de doter chaque localit\u00e9 d\u2019un d\u00e9tachement on n\u2019aurait pas eu recours \u00e0 la contribution des populations \u00e0 travers la loi sur les VDP\u00a0\u00bb. \u00a0La cr\u00e9ation des VDP ne justifie-t-elle pas en partie les attaques orient\u00e9es sur les civiles\u00a0? Bien avant l\u2019adoption de la loi sur les volontaires, les groupes terroristes s\u2019attaquaient d\u00e9j\u00e0 aux populations civiles d\u2019o\u00f9 le nombre important de PDI qui ont fui les horreurs depuis 2017 pour se refugier dans les zones plus s\u00e9curis\u00e9es, foi de Mohamed Emmanuel Zoungrana. Il a laiss\u00e9 entendre que la nouvelle strat\u00e9gie de s\u00e9curisation en cours est source d\u2019espoir, car l\u2019espace g\u00e9ographique du Burkina Faso deviendra restreinte pour les terroristes. \u00ab\u00a0En toute honn\u00eatet\u00e9, j\u2019ai foi que la victoire sera certaine\u00a0\u00bb, a-t-il d\u00e9clar\u00e9. Le Directeur r\u00e9gional (DR) du Nord en charge de la solidarit\u00e9 nationale et de l\u2019action humanitaire, Konsi L\u00e9onard Savadogo a anim\u00e9 une communication sur la prise en charge des PDI. Interpell\u00e9 sur la question des cas de viols sur les sites d\u2019accueil, le DR a confirm\u00e9 l\u2019existence de la pratique. \u00ab\u00a0Nous avons actuellement sous la main trois cas de viols que nous g\u00e9rons. Ce qui doit \u00eatre fait sur le plan judiciaire l\u2019a \u00e9t\u00e9, de m\u00eame qu\u2019une prise en charge conform\u00e9ment au protocole sur les violences bas\u00e9es sur le genre \u00bb, a-t-il fait savoir. Des dispositions sont-elles prises pour l\u2019accessibilit\u00e9 des PDI \u00e0 la terre dans leurs zones d\u2019accueil en cette saison humide qui s\u2019installe\u00a0? Dans le cadre de l\u2019assistance humanitaire des Groupes de travail sectoriel sont constitu\u00e9s et celui d\u00e9di\u00e9 au monde rural m\u00e8ne des r\u00e9flexions sur ces sujets et des propositions sont attendues bient\u00f4t, a laiss\u00e9 entendre M. Savadogo. Pour la 4e vice-pr\u00e9sidente de l\u2019AN, c\u2019est un devoir pour son institution de manifester sa solidarit\u00e9 envers les populations des zones touch\u00e9es par les attaques terroristes. Le gouverneur de la r\u00e9gion, Justin Som\u00e9, a salu\u00e9 l\u2019initiative du Parlement.<\/p>\n<p>Beyon Romain NEBIE<br \/>beynebie@gmail.com<\/p>\n<div class=\"td-a-rec td-a-rec-id-content_bottom tdi_31_39f td_block_template_1\"><img loading=\"lazy\" decoding=\"async\" class=\"aligncenter size-full wp-image-22415\" src=\"https:\/\/www.sidwaya.info\/wp-content\/uploads\/2020\/05\/Bandeau-paiement-mobile-site.png\" alt=\"\" width=\"728\" height=\"90\"\/><\/div>\n<p>Auteur: BM. Sidwaya<br \/>\n<a href=\"https:\/\/www.sidwaya.info\/blog\/2020\/06\/14\/region-du-nord-echanges-instructifs-entre-bala-sakande-et-les-elus\/\">Cliquez ici pour lire l&rsquo;article depuis sa source.<\/a><\/p>\n","protected":false},"excerpt":{"rendered":"<p>Le s\u00e9jour du pr\u00e9sident de l\u2019Assembl\u00e9e nationale, les 11 et 12 juin 2020 \u00e0 Ouahigouya, a \u00e9t\u00e9 marqu\u00e9 par la rencontre avec les \u00e9lus locaux, les Forces de d\u00e9fense et de s\u00e9curit\u00e9 (FDS) et l\u2019administration publique. L\u2019op\u00e9rationnalisation de la loi sur les Volontaires pour la d\u00e9fense de la patrie et la question des d\u00e9plac\u00e9s internes [&hellip;]<\/p>\n","protected":false},"author":1816,"featured_media":88993,"comment_status":"closed","ping_status":"closed","sticky":false,"template":"","format":"standard","meta":{"fifu_image_url":"","fifu_image_alt":"","footnotes":""},"categories":[73,81],"tags":[],"class_list":["post-88992","post","type-post","status-publish","format-standard","has-post-thumbnail","hentry","category-actualite","category-burkina-faso"],"_links":{"self":[{"href":"https:\/\/linitiative.ca\/International\/wp-json\/wp\/v2\/posts\/88992","targetHints":{"allow":["GET"]}}],"collection":[{"href":"https:\/\/linitiative.ca\/International\/wp-json\/wp\/v2\/posts"}],"about":[{"href":"https:\/\/linitiative.ca\/International\/wp-json\/wp\/v2\/types\/post"}],"author":[{"embeddable":true,"href":"https:\/\/linitiative.ca\/International\/wp-json\/wp\/v2\/users\/1816"}],"replies":[{"embeddable":true,"href":"https:\/\/linitiative.ca\/International\/wp-json\/wp\/v2\/comments?post=88992"}],"version-history":[{"count":0,"href":"https:\/\/linitiative.ca\/International\/wp-json\/wp\/v2\/posts\/88992\/revisions"}],"wp:featuredmedia":[{"embeddable":true,"href":"https:\/\/linitiative.ca\/International\/wp-json\/"}],"wp:attachment":[{"href":"https:\/\/linitiative.ca\/International\/wp-json\/wp\/v2\/media?parent=88992"}],"wp:term":[{"taxonomy":"category","embeddable":true,"href":"https:\/\/linitiative.ca\/International\/wp-json\/wp\/v2\/categories?post=88992"},{"taxonomy":"post_tag","embeddable":true,"href":"https:\/\/linitiative.ca\/International\/wp-json\/wp\/v2\/tags?post=88992"}],"curies":[{"name":"wp","href":"https:\/\/api.w.org\/{rel}","templated":true}]}}