{"id":89000,"date":"2020-06-14T08:18:06","date_gmt":"2020-06-14T12:18:06","guid":{"rendered":"https:\/\/linitiative.ca\/International\/marrakech-abrite-la-9eme-edition-de-la-conference-sur-les-ressources-en-eau-dans-le-bassin-mediterraneen-en-mai-2021\/"},"modified":"2020-06-14T08:18:06","modified_gmt":"2020-06-14T12:18:06","slug":"marrakech-abrite-la-9eme-edition-de-la-conference-sur-les-ressources-en-eau-dans-le-bassin-mediterraneen-en-mai-2021","status":"publish","type":"post","link":"https:\/\/linitiative.ca\/International\/marrakech-abrite-la-9eme-edition-de-la-conference-sur-les-ressources-en-eau-dans-le-bassin-mediterraneen-en-mai-2021\/","title":{"rendered":"Marrakech abrite la 9\u00e8me \u00e9dition de la conf\u00e9rence sur les ressources en eau dans le bassin m\u00e9diterran\u00e9en en mai 2021"},"content":{"rendered":"<div readability=\"32\">\n<p>Publi\u00e9 le 14.06.2020 \u00e0 13h18 par APA News<\/p>\n<\/div>\n<div readability=\"78\">\n<p>La ville marocaine de Marrakech abritera, du 26 au 28 mai 2021, la 9\u00e8 \u00e9dition de la Conf\u00e9rence Internationale sur les ressources en eau dans le bassin m\u00e9diterran\u00e9en (WATMED9), ont annonc\u00e9 les organisateurs dans un communiqu\u00e9.Ce conclave vise \u00e0 r\u00e9unir des experts issus des pays du bassin m\u00e9diterran\u00e9en afin de f\u00e9d\u00e9rer leurs efforts et actions en termes d\u2019innovations, de connaissances et de comp\u00e9tences pour faire \u00e9voluer la d\u00e9fense de la cause de l\u2019eau et renforcer davantage les \u00e9changes d\u2019exp\u00e9riences pertinentes en la mati\u00e8re, ont-ils fait savoir.<\/p>\n<p>Les participants \u00e0 cette rencontre de trois jours auront \u00e9galement l\u2019opportunit\u00e9 pour l\u2019actualisation des r\u00e9sultats des recherches scientifiques men\u00e9es \u00e0 travers le monde et le lancement de diff\u00e9rentes actions de coop\u00e9ration et de nouveaux r\u00e9seaux pour mieux relever les d\u00e9fis et r\u00e9pondre de mani\u00e8re optimale aux menaces auxquelles font face les ressources hydriques, selon la m\u00eame source.<\/p>\n<p>Parmi les th\u00e9matiques qui seront d\u00e9battues lors de cette conf\u00e9rence figurent \u00ab la gestion des ressources hydriques \u00bb, \u00ab la qualit\u00e9 de l\u2019eau et la pollution \u00bb, \u00ab la r\u00e9cup\u00e9ration des eaux non-conventionnelles, le recyclage et la r\u00e9utilisation \u00bb ou encore \u00ab le lien entre eau, \u00e9nergie et alimentation \u00bb.<\/p>\n<p>Les contraintes li\u00e9es \u00e0 la gestion de l\u2019eau en M\u00e9diterran\u00e9e sont soumises \u00e0 une grande dynamique engendr\u00e9e par les changements globaux, tels que les d\u00e9r\u00e8glements climatiques qui aggraveront les ph\u00e9nom\u00e8nes extr\u00eames (inondations, s\u00e9cheresses\u2026.), ainsi qu\u2019aux mutations op\u00e9r\u00e9es \u00e0 l\u2019\u00e9chelle r\u00e9gionale, comme les pressions d\u00e9mographiques et touristiques dans les zones c\u00f4ti\u00e8res, soulignent les organisateurs.<\/p>\n<p>Aussi, les zones m\u00e9diterran\u00e9ennes sont confront\u00e9es \u00e0 des changements dramatiques qui affecteront la durabilit\u00e9, la quantit\u00e9, la qualit\u00e9 et la gestion des ressources en eau.<\/p>\n<p>Les \u00e9carts territoriaux, le d\u00e9veloppement socio-\u00e9conomique et le progr\u00e8s technologique cr\u00e9ent le besoin de diff\u00e9rents types d\u2019interventions, expliquent-ils, insistant sur la n\u00e9cessit\u00e9 d\u2019une r\u00e9flexion globale et d\u2019une action efficiente sur le plan local dans le secteur de l\u2019eau.<\/p>\n<\/div>\n<p>Auteur: APA News<br \/>\n<a href=\"https:\/\/www.journalducameroun.com\/marrakech-abrite-la-9eme-edition-de-la-conference-sur-les-ressources-en-eau-dans-le-bassin-mediterraneen-en-mai-2021\/\">Cliquez ici pour lire l&rsquo;article depuis sa source.<\/a><\/p>\n","protected":false},"excerpt":{"rendered":"<p>Publi\u00e9 le 14.06.2020 \u00e0 13h18 par APA News La ville marocaine de Marrakech abritera, du 26 au 28 mai 2021, la 9\u00e8 \u00e9dition de la Conf\u00e9rence Internationale sur les ressources en eau dans le bassin m\u00e9diterran\u00e9en (WATMED9), ont annonc\u00e9 les organisateurs dans un communiqu\u00e9.Ce conclave vise \u00e0 r\u00e9unir des experts issus des pays du bassin [&hellip;]<\/p>\n","protected":false},"author":1965,"featured_media":0,"comment_status":"closed","ping_status":"closed","sticky":false,"template":"","format":"standard","meta":{"fifu_image_url":"","fifu_image_alt":"","footnotes":""},"categories":[73,82],"tags":[],"class_list":["post-89000","post","type-post","status-publish","format-standard","hentry","category-actualite","category-cameroun"],"_links":{"self":[{"href":"https:\/\/linitiative.ca\/International\/wp-json\/wp\/v2\/posts\/89000","targetHints":{"allow":["GET"]}}],"collection":[{"href":"https:\/\/linitiative.ca\/International\/wp-json\/wp\/v2\/posts"}],"about":[{"href":"https:\/\/linitiative.ca\/International\/wp-json\/wp\/v2\/types\/post"}],"author":[{"embeddable":true,"href":"https:\/\/linitiative.ca\/International\/wp-json\/wp\/v2\/users\/1965"}],"replies":[{"embeddable":true,"href":"https:\/\/linitiative.ca\/International\/wp-json\/wp\/v2\/comments?post=89000"}],"version-history":[{"count":0,"href":"https:\/\/linitiative.ca\/International\/wp-json\/wp\/v2\/posts\/89000\/revisions"}],"wp:attachment":[{"href":"https:\/\/linitiative.ca\/International\/wp-json\/wp\/v2\/media?parent=89000"}],"wp:term":[{"taxonomy":"category","embeddable":true,"href":"https:\/\/linitiative.ca\/International\/wp-json\/wp\/v2\/categories?post=89000"},{"taxonomy":"post_tag","embeddable":true,"href":"https:\/\/linitiative.ca\/International\/wp-json\/wp\/v2\/tags?post=89000"}],"curies":[{"name":"wp","href":"https:\/\/api.w.org\/{rel}","templated":true}]}}