{"id":89001,"date":"2020-06-14T08:18:09","date_gmt":"2020-06-14T12:18:09","guid":{"rendered":"https:\/\/linitiative.ca\/International\/covid-19-114-enfants-de-moins-de-14-ans-atteints-de-coronavirus-au-maroc-ministere\/"},"modified":"2020-06-14T08:18:09","modified_gmt":"2020-06-14T12:18:09","slug":"covid-19-114-enfants-de-moins-de-14-ans-atteints-de-coronavirus-au-maroc-ministere","status":"publish","type":"post","link":"https:\/\/linitiative.ca\/International\/covid-19-114-enfants-de-moins-de-14-ans-atteints-de-coronavirus-au-maroc-ministere\/","title":{"rendered":"Covid- 19\u00a0: 114 enfants de moins de 14 ans atteints de coronavirus au Maroc (minist\u00e8re)"},"content":{"rendered":"<div readability=\"32\">\n<p>Publi\u00e9 le 14.06.2020 \u00e0 13h18 par APA News<\/p>\n<\/div>\n<div readability=\"73\">\n<p>Un total de 114 enfants de moins de 14 ans sont atteints de coronavirus (Covid-19) au Maroc, a annonc\u00e9 samedi le minist\u00e8re de la Sant\u00e9.Ces cas d\u2019infection chez les enfants sont r\u00e9partis sur les r\u00e9gions de Marrakech-Safi avec 66 cas, Casablanca-Settat (23), Tanger-T\u00e9touan-Al Hoceima (11), B\u00e9ni Mellal-Kh\u00e9nifra (6), Rabat-Sal\u00e9-K\u00e9nitra (4), F\u00e8s-Mekn\u00e8s (3) et Souss-Massa (un seul cas), a pr\u00e9cis\u00e9 le minist\u00e8re.<\/p>\n<p>Au cours des derni\u00e8res 24 heures, 82 nouveaux cas d\u2019infection ont \u00e9t\u00e9 enregistr\u00e9s et 78 gu\u00e9risons recens\u00e9s, portant \u00e0 8.692 le nombre des contaminations depuis le d\u00e9but de l\u2019\u00e9pid\u00e9mie, soit un taux de 24\/100.000 habitants, et \u00e0 7.696 le nombre total des cas de r\u00e9mission, soit un taux de gu\u00e9rison de 88.5%<\/p>\n<p>Quant au nombre de d\u00e9c\u00e8s, il s\u2019est maintenu \u00e0 212, aucun cas n\u2019ayant \u00e9t\u00e9 signal\u00e9 ces derni\u00e8res 24 heures, soit un taux de l\u00e9talit\u00e9 de 2,4%.<\/p>\n<p>A cet \u00e9gard, 80 nouvelles contaminations sur les 82 cas confirm\u00e9s ont \u00e9t\u00e9 d\u00e9tect\u00e9es dans le cadre du syst\u00e8me de suivi des cas-contacts.<\/p>\n<p>Pour ce qui est des cas actifs, le minist\u00e8re a relev\u00e9 que 784 patients sont actuellement sous traitement dans les diff\u00e9rents h\u00f4pitaux du Royaume, soit 2,2 cas pour 100.000 habitants.<\/p>\n<p>La moyenne d\u2019\u00e2ge des cas actifs se situe autour de 33 ans : 58% des hommes et 42% des femmes, fait savoir le minist\u00e8re.<\/p>\n<\/div>\n<p>Auteur: APA News<br \/>\n<a href=\"https:\/\/www.journalducameroun.com\/covid-19-114-enfants-de-moins-de-14-ans-atteints-de-coronavirus-au-maroc-ministere\/\">Cliquez ici pour lire l&rsquo;article depuis sa source.<\/a><\/p>\n","protected":false},"excerpt":{"rendered":"<p>Publi\u00e9 le 14.06.2020 \u00e0 13h18 par APA News Un total de 114 enfants de moins de 14 ans sont atteints de coronavirus (Covid-19) au Maroc, a annonc\u00e9 samedi le minist\u00e8re de la Sant\u00e9.Ces cas d\u2019infection chez les enfants sont r\u00e9partis sur les r\u00e9gions de Marrakech-Safi avec 66 cas, Casablanca-Settat (23), Tanger-T\u00e9touan-Al Hoceima (11), B\u00e9ni Mellal-Kh\u00e9nifra [&hellip;]<\/p>\n","protected":false},"author":1965,"featured_media":0,"comment_status":"closed","ping_status":"closed","sticky":false,"template":"","format":"standard","meta":{"fifu_image_url":"","fifu_image_alt":"","footnotes":""},"categories":[73,82],"tags":[],"class_list":["post-89001","post","type-post","status-publish","format-standard","hentry","category-actualite","category-cameroun"],"_links":{"self":[{"href":"https:\/\/linitiative.ca\/International\/wp-json\/wp\/v2\/posts\/89001","targetHints":{"allow":["GET"]}}],"collection":[{"href":"https:\/\/linitiative.ca\/International\/wp-json\/wp\/v2\/posts"}],"about":[{"href":"https:\/\/linitiative.ca\/International\/wp-json\/wp\/v2\/types\/post"}],"author":[{"embeddable":true,"href":"https:\/\/linitiative.ca\/International\/wp-json\/wp\/v2\/users\/1965"}],"replies":[{"embeddable":true,"href":"https:\/\/linitiative.ca\/International\/wp-json\/wp\/v2\/comments?post=89001"}],"version-history":[{"count":0,"href":"https:\/\/linitiative.ca\/International\/wp-json\/wp\/v2\/posts\/89001\/revisions"}],"wp:attachment":[{"href":"https:\/\/linitiative.ca\/International\/wp-json\/wp\/v2\/media?parent=89001"}],"wp:term":[{"taxonomy":"category","embeddable":true,"href":"https:\/\/linitiative.ca\/International\/wp-json\/wp\/v2\/categories?post=89001"},{"taxonomy":"post_tag","embeddable":true,"href":"https:\/\/linitiative.ca\/International\/wp-json\/wp\/v2\/tags?post=89001"}],"curies":[{"name":"wp","href":"https:\/\/api.w.org\/{rel}","templated":true}]}}