{"id":89002,"date":"2020-06-14T08:18:11","date_gmt":"2020-06-14T12:18:11","guid":{"rendered":"https:\/\/linitiative.ca\/International\/covid-19-le-roi-mohammed-vi-ordonne-lenvoi-dune-aide-medicale-a-15-pays-africains\/"},"modified":"2020-06-14T08:18:11","modified_gmt":"2020-06-14T12:18:11","slug":"covid-19-le-roi-mohammed-vi-ordonne-lenvoi-dune-aide-medicale-a-15-pays-africains","status":"publish","type":"post","link":"https:\/\/linitiative.ca\/International\/covid-19-le-roi-mohammed-vi-ordonne-lenvoi-dune-aide-medicale-a-15-pays-africains\/","title":{"rendered":"Covid-19 : Le Roi Mohammed VI ordonne l\u2019envoi d\u2019une aide m\u00e9dicale \u00e0 15 pays africains"},"content":{"rendered":"<div readability=\"32\">\n<p>Publi\u00e9 le 14.06.2020 \u00e0 13h18 par APA News<\/p>\n<\/div>\n<div readability=\"84\">\n<p>Le Roi Mohammed VI a donn\u00e9 ses instructions pour l\u2019acheminement d\u2019aides m\u00e9dicales \u00e0 15 pays africains fr\u00e8res, indique dimanche le minist\u00e8re des Affaires \u00e9trang\u00e8res, de la Coop\u00e9ration africaine et des Marocains r\u00e9sidant \u00e0 l\u2019\u00e9tranger.Cette aide vise \u00e0 fournir du mat\u00e9riel m\u00e9dical pr\u00e9ventif, afin d\u2019accompagner les pays africains dans leurs efforts de lutte contre la pand\u00e9mie du Covid- 19, pr\u00e9cise le minist\u00e8re dans un communiqu\u00e9.<\/p>\n<p>Elle est compos\u00e9e de pr\u00e8s de 8 millions de masques, 900.000 visi\u00e8res, 600.000 charlottes, 60.000 blouses, 30.000 litres de gel hydroalcoolique, ainsi que 75.000 bo\u00eetes de chloroquine et 15.000 boites d\u2019Azithromycine.<\/p>\n<p>Ces aides b\u00e9n\u00e9ficieront \u00e0 15 pays africains, appartenant \u00e0 toutes les sous-r\u00e9gions du continent, \u00e0 savoir : le Burkina Faso, le Cameroun, les Comores, le Congo, Eswatini, la Guin\u00e9e, la Guin\u00e9e-Bissau, le Malawi, la Mauritanie, le Niger, la R\u00e9publique D\u00e9mocratique du Congo, le S\u00e9n\u00e9gal, la Tanzanie, le Tchad et la Zambie, ajoute la m\u00eame source.<\/p>\n<p>L\u2019ensemble des produits et \u00e9quipements de protection composant les aides m\u00e9dicales achemin\u00e9es vers les pays africains fr\u00e8res, sont fabriqu\u00e9s au Maroc par des entreprises marocaines, et sont conformes aux normes de l\u2019Organisation Mondiale de la Sant\u00e9 (OMS).<\/p>\n<p>Cette action de solidarit\u00e9 s\u2019inscrit dans le cadre de la mise en \u0153uvre de l\u2019initiative royale lanc\u00e9e le 13 avril 2020, en tant que d\u00e9marche pragmatique et orient\u00e9e vers l\u2019action, destin\u00e9e aux pays africains, permettant \u00ab un partage d\u2019exp\u00e9riences et de bonnes pratiques et visant \u00e0 \u00e9tablir un cadre op\u00e9rationnel afin d\u2019accompagner leurs efforts dans les diff\u00e9rentes phases de gestion de la pand\u00e9mie \u00bb, note le minist\u00e8re.<\/p>\n<\/div>\n<p>Auteur: APA News<br \/>\n<a href=\"https:\/\/www.journalducameroun.com\/covid-19-le-roi-mohammed-vi-ordonne-lenvoi-dune-aide-medicale-a-15-pays-africains\/\">Cliquez ici pour lire l&rsquo;article depuis sa source.<\/a><\/p>\n","protected":false},"excerpt":{"rendered":"<p>Publi\u00e9 le 14.06.2020 \u00e0 13h18 par APA News Le Roi Mohammed VI a donn\u00e9 ses instructions pour l\u2019acheminement d\u2019aides m\u00e9dicales \u00e0 15 pays africains fr\u00e8res, indique dimanche le minist\u00e8re des Affaires \u00e9trang\u00e8res, de la Coop\u00e9ration africaine et des Marocains r\u00e9sidant \u00e0 l\u2019\u00e9tranger.Cette aide vise \u00e0 fournir du mat\u00e9riel m\u00e9dical pr\u00e9ventif, afin d\u2019accompagner les pays africains [&hellip;]<\/p>\n","protected":false},"author":1965,"featured_media":0,"comment_status":"closed","ping_status":"closed","sticky":false,"template":"","format":"standard","meta":{"fifu_image_url":"","fifu_image_alt":"","footnotes":""},"categories":[73,82],"tags":[],"class_list":["post-89002","post","type-post","status-publish","format-standard","hentry","category-actualite","category-cameroun"],"_links":{"self":[{"href":"https:\/\/linitiative.ca\/International\/wp-json\/wp\/v2\/posts\/89002","targetHints":{"allow":["GET"]}}],"collection":[{"href":"https:\/\/linitiative.ca\/International\/wp-json\/wp\/v2\/posts"}],"about":[{"href":"https:\/\/linitiative.ca\/International\/wp-json\/wp\/v2\/types\/post"}],"author":[{"embeddable":true,"href":"https:\/\/linitiative.ca\/International\/wp-json\/wp\/v2\/users\/1965"}],"replies":[{"embeddable":true,"href":"https:\/\/linitiative.ca\/International\/wp-json\/wp\/v2\/comments?post=89002"}],"version-history":[{"count":0,"href":"https:\/\/linitiative.ca\/International\/wp-json\/wp\/v2\/posts\/89002\/revisions"}],"wp:attachment":[{"href":"https:\/\/linitiative.ca\/International\/wp-json\/wp\/v2\/media?parent=89002"}],"wp:term":[{"taxonomy":"category","embeddable":true,"href":"https:\/\/linitiative.ca\/International\/wp-json\/wp\/v2\/categories?post=89002"},{"taxonomy":"post_tag","embeddable":true,"href":"https:\/\/linitiative.ca\/International\/wp-json\/wp\/v2\/tags?post=89002"}],"curies":[{"name":"wp","href":"https:\/\/api.w.org\/{rel}","templated":true}]}}