{"id":89003,"date":"2020-06-14T10:18:04","date_gmt":"2020-06-14T14:18:04","guid":{"rendered":"https:\/\/linitiative.ca\/International\/mali-deux-casques-bleus-tues-dans-une-attaque\/"},"modified":"2020-06-14T10:18:04","modified_gmt":"2020-06-14T14:18:04","slug":"mali-deux-casques-bleus-tues-dans-une-attaque","status":"publish","type":"post","link":"https:\/\/linitiative.ca\/International\/mali-deux-casques-bleus-tues-dans-une-attaque\/","title":{"rendered":"Mali : Deux Casques bleus tu\u00e9s dans une attaque"},"content":{"rendered":"<div readability=\"32\">\n<p>Publi\u00e9 le 14.06.2020 \u00e0 15h18 par APA News<\/p>\n<\/div>\n<div readability=\"60\">\n<p>Deux soldats de la Mission des Nations-unies au Mali (Minusma) ont \u00e9t\u00e9 tu\u00e9s, samedi soir, par des hommes arm\u00e9s dans la commune de Tarkint, au nord-est de Gao en proie aux attaques terroristes.Alors que le convoi effectuait la liaison Tessalit-Gao, des individus arm\u00e9s non identifi\u00e9s ont attaqu\u00e9 samedi vers 19h GMT le convoi logistique qui \u00e9tait \u00e0 l\u2019arr\u00eat, et tu\u00e9 deux soldats de la paix. Les Casques bleus de la MINUSMA ont ripost\u00e9 avec fermet\u00e9 et mis en fuite les assaillants.\u00a0<\/p>\n<p>Le Repr\u00e9sentant sp\u00e9cial du Secr\u00e9taire g\u00e9n\u00e9ral de l\u2019ONU au Mali et chef de la Minusma, Mahamat Saleh Annadif, a condamn\u00e9 cette \u00ab attaque meurtri\u00e8re \u00bb.<\/p>\n<p>\u00ab Je tiens \u00e0 exprimer mon indignation et ma profonde peine suite \u00e0 l\u2019attaque d\u2019hier soir contre les forces de maintien de la paix des Nations Unies au Mali \u00bb, a d\u00e9clar\u00e9 dimanche M. Annadif.<\/p>\n<p>Ces Casques bleus sont \u00ab morts au service de la paix au Mali \u00bb, a rappel\u00e9 le chef de la Minusma, qui a \u00e9galement fermement condamn\u00e9 des \u00ab actes l\u00e2ches qui ont pour but de paralyser les op\u00e9rations de la Mission sur le terrain.<\/p>\n<p>\u00ab Nous devrons conjuguer tous les efforts afin d\u2019identifier et d\u2019appr\u00e9hender les responsables de ces actes terroristes pour qu\u2019ils r\u00e9pondent de leurs crimes devant la justice,\u201d a-t-il conclu.<\/p>\n<\/div>\n<p>Auteur: APA News<br \/>\n<a href=\"https:\/\/www.journalducameroun.com\/mali-deux-casques-bleus-tues-dans-une-attaque\/\">Cliquez ici pour lire l&rsquo;article depuis sa source.<\/a><\/p>\n","protected":false},"excerpt":{"rendered":"<p>Publi\u00e9 le 14.06.2020 \u00e0 15h18 par APA News Deux soldats de la Mission des Nations-unies au Mali (Minusma) ont \u00e9t\u00e9 tu\u00e9s, samedi soir, par des hommes arm\u00e9s dans la commune de Tarkint, au nord-est de Gao en proie aux attaques terroristes.Alors que le convoi effectuait la liaison Tessalit-Gao, des individus arm\u00e9s non identifi\u00e9s ont attaqu\u00e9 [&hellip;]<\/p>\n","protected":false},"author":1965,"featured_media":0,"comment_status":"closed","ping_status":"closed","sticky":false,"template":"","format":"standard","meta":{"fifu_image_url":"","fifu_image_alt":"","footnotes":""},"categories":[73,82],"tags":[],"class_list":["post-89003","post","type-post","status-publish","format-standard","hentry","category-actualite","category-cameroun"],"_links":{"self":[{"href":"https:\/\/linitiative.ca\/International\/wp-json\/wp\/v2\/posts\/89003","targetHints":{"allow":["GET"]}}],"collection":[{"href":"https:\/\/linitiative.ca\/International\/wp-json\/wp\/v2\/posts"}],"about":[{"href":"https:\/\/linitiative.ca\/International\/wp-json\/wp\/v2\/types\/post"}],"author":[{"embeddable":true,"href":"https:\/\/linitiative.ca\/International\/wp-json\/wp\/v2\/users\/1965"}],"replies":[{"embeddable":true,"href":"https:\/\/linitiative.ca\/International\/wp-json\/wp\/v2\/comments?post=89003"}],"version-history":[{"count":0,"href":"https:\/\/linitiative.ca\/International\/wp-json\/wp\/v2\/posts\/89003\/revisions"}],"wp:attachment":[{"href":"https:\/\/linitiative.ca\/International\/wp-json\/wp\/v2\/media?parent=89003"}],"wp:term":[{"taxonomy":"category","embeddable":true,"href":"https:\/\/linitiative.ca\/International\/wp-json\/wp\/v2\/categories?post=89003"},{"taxonomy":"post_tag","embeddable":true,"href":"https:\/\/linitiative.ca\/International\/wp-json\/wp\/v2\/tags?post=89003"}],"curies":[{"name":"wp","href":"https:\/\/api.w.org\/{rel}","templated":true}]}}