{"id":89004,"date":"2020-06-14T15:18:04","date_gmt":"2020-06-14T19:18:04","guid":{"rendered":"https:\/\/linitiative.ca\/International\/covid-19-le-senegal-receptionne-des-dons-du-maroc\/"},"modified":"2020-06-14T15:18:04","modified_gmt":"2020-06-14T19:18:04","slug":"covid-19-le-senegal-receptionne-des-dons-du-maroc","status":"publish","type":"post","link":"https:\/\/linitiative.ca\/International\/covid-19-le-senegal-receptionne-des-dons-du-maroc\/","title":{"rendered":"Covid-19 : le S\u00e9n\u00e9gal r\u00e9ceptionne des dons du Maroc"},"content":{"rendered":"<div readability=\"32\">\n<p>Publi\u00e9 le 14.06.2020 \u00e0 20h18 par APA News<\/p>\n<\/div>\n<div readability=\"106\">\n<p>Le Royaume du Maroc apporte une pr\u00e9cieuse aide mat\u00e9rielle au S\u00e9n\u00e9gal dans le cadre de sa riposte contre le nouveau coronavirus.Deux avions de Royal Air Maroc (RAM) de type Boeing 737-800 se sont immobilis\u00e9s, un peu avant 17 heures, sur le tarmac de l\u2019A\u00e9roport International Blaise Diagne (AIBD) de Diass (60 kilom\u00e8tres \u00e0 l\u2019est de Dakar).<\/p>\n<p>\u00c0 bord, il y a une importante quantit\u00e9 de mat\u00e9riels destin\u00e9s au S\u00e9n\u00e9gal. Il s\u2019agit de 500.000 masques non tiss\u00e9s, 60.000 visi\u00e8res, 40.000 charlottes, 4000 blouses, 2000 litres de gel hydro-alcoolique, 5000 bo\u00eetes de chloroquine et 1000 bo\u00eetes d\u2019azithromycine.<\/p>\n<p>Au nom de l\u2019\u00c9tat du S\u00e9n\u00e9gal, Abdoulaye Diouf Sarr, le ministre de la Sant\u00e9 et de l\u2019Action sociale a adress\u00e9 de vifs remerciements au Royaume du Maroc et magnifi\u00e9 la bonne sant\u00e9 de la coop\u00e9ration sud-sud sur l\u2019axe Dakar-Rabat.<\/p>\n<p>Pour lui, cet acte est \u00ab l\u2019expression d\u2019une tr\u00e8s grande solidarit\u00e9 \u00bb. En outre, il a rapport\u00e9 que \u00ab le pr\u00e9sident Macky Sall mesure la port\u00e9e de l\u2019amiti\u00e9 (s\u00e9n\u00e9galo-marocaine) \u00e0 travers ce don extr\u00eamement important \u00bb.<\/p>\n<p>M. Sarr est convaincu que \u00ab nous devons lutter ensemble (pour) gagner parce que ce virus n\u2019a pas de fronti\u00e8res \u00bb.<\/p>\n<p>Pour Mo\u00efse Di\u00e9gane Sarr, Secr\u00e9taire d\u2019Etat charg\u00e9 des S\u00e9n\u00e9galais de l\u2019ext\u00e9rieur, c\u2019est \u00ab un geste fort qui refl\u00e8te le caract\u00e8re singulier des relations qui unissent les deux pays \u00bb.<\/p>\n<p>De son c\u00f4t\u00e9, Taleb Barrada, l\u2019ambassadeur du Maroc au S\u00e9n\u00e9gal a d\u00e9clar\u00e9 : \u00ab Aujourd\u2019hui comme hier, les d\u00e9fis multiples auxquels notre cher et grand continent se trouve confront\u00e9, et particuli\u00e8rement l\u2019impact plurisectoriel de cette pand\u00e9mie, renforce certainement l\u2019engagement solidaire du Royaume aupr\u00e8s des pays africains fr\u00e8res et leurs populations \u00bb.<\/p>\n<p>Poursuivant, le diplomate a soulign\u00e9 que la donation de son pays, au-del\u00e0 du contexte du coronavirus, \u00ab raffermit et conforte davantage la conviction qu\u2019ensemble, nous serons mieux outill\u00e9s et plus forts pour affronter solidairement les menaces qui appellent une r\u00e9ponse africaine conjointe en faveur d\u2019une meilleure protection de nos populations et de nos pays \u00bb.<\/p>\n<p>Outre le S\u00e9n\u00e9gal, 14 autres pays de toutes les sous-r\u00e9gions du continent sont concern\u00e9s par cette op\u00e9ration.<\/p>\n<p>Il s\u2019agit du Burkina Faso, du Cameroun, des Comores, du Congo, d\u2019Eswatini, de la Guin\u00e9e, de la Guin\u00e9e-Bissau, du Malawi, de la Mauritanie, du Niger, de la R\u00e9publique D\u00e9mocratique du Congo, de la Tanzanie, du Tchad et de la Zambie.<\/p>\n<\/div>\n<p>Auteur: APA News<br \/>\n<a href=\"https:\/\/www.journalducameroun.com\/covid-19-le-senegal-receptionne-des-dons-du-maroc\/\">Cliquez ici pour lire l&rsquo;article depuis sa source.<\/a><\/p>\n","protected":false},"excerpt":{"rendered":"<p>Publi\u00e9 le 14.06.2020 \u00e0 20h18 par APA News Le Royaume du Maroc apporte une pr\u00e9cieuse aide mat\u00e9rielle au S\u00e9n\u00e9gal dans le cadre de sa riposte contre le nouveau coronavirus.Deux avions de Royal Air Maroc (RAM) de type Boeing 737-800 se sont immobilis\u00e9s, un peu avant 17 heures, sur le tarmac de l\u2019A\u00e9roport International Blaise Diagne [&hellip;]<\/p>\n","protected":false},"author":1965,"featured_media":0,"comment_status":"closed","ping_status":"closed","sticky":false,"template":"","format":"standard","meta":{"fifu_image_url":"","fifu_image_alt":"","footnotes":""},"categories":[73,82],"tags":[],"class_list":["post-89004","post","type-post","status-publish","format-standard","hentry","category-actualite","category-cameroun"],"_links":{"self":[{"href":"https:\/\/linitiative.ca\/International\/wp-json\/wp\/v2\/posts\/89004","targetHints":{"allow":["GET"]}}],"collection":[{"href":"https:\/\/linitiative.ca\/International\/wp-json\/wp\/v2\/posts"}],"about":[{"href":"https:\/\/linitiative.ca\/International\/wp-json\/wp\/v2\/types\/post"}],"author":[{"embeddable":true,"href":"https:\/\/linitiative.ca\/International\/wp-json\/wp\/v2\/users\/1965"}],"replies":[{"embeddable":true,"href":"https:\/\/linitiative.ca\/International\/wp-json\/wp\/v2\/comments?post=89004"}],"version-history":[{"count":0,"href":"https:\/\/linitiative.ca\/International\/wp-json\/wp\/v2\/posts\/89004\/revisions"}],"wp:attachment":[{"href":"https:\/\/linitiative.ca\/International\/wp-json\/wp\/v2\/media?parent=89004"}],"wp:term":[{"taxonomy":"category","embeddable":true,"href":"https:\/\/linitiative.ca\/International\/wp-json\/wp\/v2\/categories?post=89004"},{"taxonomy":"post_tag","embeddable":true,"href":"https:\/\/linitiative.ca\/International\/wp-json\/wp\/v2\/tags?post=89004"}],"curies":[{"name":"wp","href":"https:\/\/api.w.org\/{rel}","templated":true}]}}