{"id":89005,"date":"2020-06-15T10:00:55","date_gmt":"2020-06-15T14:00:55","guid":{"rendered":"https:\/\/linitiative.ca\/International\/pour-remedier-aux-problemes-de-stationnement-agadir-un-parking-souterrain-de-600-places-en-projet\/"},"modified":"2020-06-15T10:00:55","modified_gmt":"2020-06-15T14:00:55","slug":"pour-remedier-aux-problemes-de-stationnement-agadir-un-parking-souterrain-de-600-places-en-projet","status":"publish","type":"post","link":"https:\/\/linitiative.ca\/International\/pour-remedier-aux-problemes-de-stationnement-agadir-un-parking-souterrain-de-600-places-en-projet\/","title":{"rendered":"Pour rem\u00e9dier aux probl\u00e8mes de stationnement, Agadir : Un parking souterrain  de 600 places en projet"},"content":{"rendered":"<p><img decoding=\"async\" class=\"post_layout_5_img\" src=\"http:\/\/aujourdhui.ma\/wp-content\/uploads\/2020\/06\/parking.jpg\" alt=\"Pour rem&#xE9;dier aux probl&#xE8;mes de stationnement, Agadir : Un parking souterrain de 600 places en projet\"\/><\/p>\n<p><span class=\"c5\"><strong>Le programme envisag\u00e9 porte sur une surface couverte de 17.000 m2 et une surface esplanade \u00e0 am\u00e9nager de 11.500 m2.<\/strong><\/span><span id=\"more-347597\"\/><\/p>\n<p>La Soci\u00e9t\u00e9 de d\u00e9veloppement local (SDL) \u00abAgadir Souss-Massa Am\u00e9nagement \u00bb, cr\u00e9\u00e9e r\u00e9cemment par le Conseil r\u00e9gional, lance son premier chantier qui porte sur la r\u00e9alisation d\u2019un parking souterrain Al Inbiaat de la ville d\u2019Agadir, et qui aura une capacit\u00e9 totale de 600 places. Ce projet tr\u00e8s attendu vient dans la perspective de mettre fin au probl\u00e8me de stationnement dont souffrent les automobilistes gadiris, notamment lors de la saison estivale, avec l\u2019arriv\u00e9e massive de touristes nationaux dans cette destination baln\u00e9aire tr\u00e8s convoit\u00e9e.<br \/>Selon un appel d\u2019offres publi\u00e9 par la SDL relatif \u00e0 l\u2019\u00e9laboration des \u00e9tudes, le suivi, le contr\u00f4le et les r\u00e9ceptions des travaux de r\u00e9alisation du parking souterrain dans la ville d\u2019Agadir, ce projet porte sur un parking souterrain au niveau du parc urbain Al Inbiaat en 2 niveaux, avec l\u2019am\u00e9nagement d\u2019une esplanade au niveau du toit.<\/p>\n<p>Le programme envisag\u00e9 porte sur une surface couverte de 17.000 m2 et une surface esplanade \u00e0 am\u00e9nager de 11.500 m2, alors que la capacit\u00e9 du parking portera sur 600 places (la capacit\u00e9 d\u00e9finitive sera arr\u00eat\u00e9e au terme de la phase APS des \u00e9tudes architecturales). Ce projet sera localis\u00e9 au parc \u00e9ponyme, situ\u00e9 au niveau du parking actuel du Stade Al Inbiaat. Le d\u00e9lai d\u2019ex\u00e9cution des travaux fix\u00e9 par le ma\u00eetre d\u2019ouvrage est de 24 \u00e0 30 mois.<\/p>\n<p>Par ailleurs, l\u2019estimation du co\u00fbt des prestations est arr\u00eat\u00e9e \u00e0 la somme de 1,87 million de dirhams toutes taxes comprises. Selon cet appel d\u2019offres, les soumissionnaires doivent d\u00e9poser leur candidature avant le 10 juillet prochain. En effet, l\u2019id\u00e9e est que cette nouvelle infrastructure situ\u00e9e dans le centre n\u00e9vralgique de la ville de la renaissance contribue \u00e0 rendre la vie plus facile aux automobilistes locaux, ceux-ci faisant chaque jour face au casse-t\u00eate du stationnement. Il va sans dire que les difficult\u00e9s de stationnement sont plus que jamais d\u2019actualit\u00e9 dans une ville en pleine croissance d\u00e9mographique et \u00e9conomique comme Agadir.<\/p>\n<p>Notons que ce chantier s\u2019inscrit dans le cadre du Programme de d\u00e9veloppement urbain d\u2019Agadir (2020-2024) sign\u00e9 le mois de f\u00e9vrier dernier devant Sa Majest\u00e9 le Roi Mohammed VI. Il constitue un projet structurant qui amorce une nouvelle \u00e9tape dans la promotion du r\u00f4le de la ville en tant que p\u00f4le \u00e9conomique int\u00e9gr\u00e9 et locomotive de toute la r\u00e9gion. Mobilisant des investissements de l\u2019ordre de 6 milliards de dirhams (MMDH), le programme de d\u00e9veloppement urbain d\u2019Agadir vise la cons\u00e9cration du positionnement de la ville et le renforcement de son attractivit\u00e9 en tant que destination touristique nationale et internationale, l\u2019am\u00e9lioration des indices de d\u00e9veloppement humain, la promotion des conditions de vie des populations, notamment des habitants des quartiers sous-\u00e9quip\u00e9s, le renforcement des infrastructures de base et la consolidation du r\u00e9seau routier de la ville pour une mobilit\u00e9 meilleure.<\/p>\n<p>Auteur: Mohamed Laabid<br \/>\n<a href=\"https:\/\/aujourdhui.ma\/automobile\/pour-remedier-aux-problemes-de-stationnement-agadir-un-parking-souterrain-de-600-places-en-projet\">Cliquez ici pour lire l&rsquo;article depuis sa source.<\/a><\/p>\n","protected":false},"excerpt":{"rendered":"<p>Le programme envisag\u00e9 porte sur une surface couverte de 17.000 m2 et une surface esplanade \u00e0 am\u00e9nager de 11.500 m2. La Soci\u00e9t\u00e9 de d\u00e9veloppement local (SDL) \u00abAgadir Souss-Massa Am\u00e9nagement \u00bb, cr\u00e9\u00e9e r\u00e9cemment par le Conseil r\u00e9gional, lance son premier chantier qui porte sur la r\u00e9alisation d\u2019un parking souterrain Al Inbiaat de la ville d\u2019Agadir, et [&hellip;]<\/p>\n","protected":false},"author":1759,"featured_media":89006,"comment_status":"closed","ping_status":"closed","sticky":false,"template":"","format":"standard","meta":{"fifu_image_url":"","fifu_image_alt":"","footnotes":""},"categories":[73,54],"tags":[],"class_list":["post-89005","post","type-post","status-publish","format-standard","has-post-thumbnail","hentry","category-actualite","category-maroc"],"_links":{"self":[{"href":"https:\/\/linitiative.ca\/International\/wp-json\/wp\/v2\/posts\/89005","targetHints":{"allow":["GET"]}}],"collection":[{"href":"https:\/\/linitiative.ca\/International\/wp-json\/wp\/v2\/posts"}],"about":[{"href":"https:\/\/linitiative.ca\/International\/wp-json\/wp\/v2\/types\/post"}],"author":[{"embeddable":true,"href":"https:\/\/linitiative.ca\/International\/wp-json\/wp\/v2\/users\/1759"}],"replies":[{"embeddable":true,"href":"https:\/\/linitiative.ca\/International\/wp-json\/wp\/v2\/comments?post=89005"}],"version-history":[{"count":0,"href":"https:\/\/linitiative.ca\/International\/wp-json\/wp\/v2\/posts\/89005\/revisions"}],"wp:featuredmedia":[{"embeddable":true,"href":"https:\/\/linitiative.ca\/International\/wp-json\/"}],"wp:attachment":[{"href":"https:\/\/linitiative.ca\/International\/wp-json\/wp\/v2\/media?parent=89005"}],"wp:term":[{"taxonomy":"category","embeddable":true,"href":"https:\/\/linitiative.ca\/International\/wp-json\/wp\/v2\/categories?post=89005"},{"taxonomy":"post_tag","embeddable":true,"href":"https:\/\/linitiative.ca\/International\/wp-json\/wp\/v2\/tags?post=89005"}],"curies":[{"name":"wp","href":"https:\/\/api.w.org\/{rel}","templated":true}]}}