{"id":89015,"date":"2020-06-15T10:26:05","date_gmt":"2020-06-15T14:26:05","guid":{"rendered":"https:\/\/linitiative.ca\/International\/%ef%bb%bfune-illustration-de-lengagement-ferme-du-royaume-en-faveur-de-lafrique\/"},"modified":"2020-06-15T10:26:05","modified_gmt":"2020-06-15T14:26:05","slug":"%ef%bb%bfune-illustration-de-lengagement-ferme-du-royaume-en-faveur-de-lafrique","status":"publish","type":"post","link":"https:\/\/linitiative.ca\/International\/%ef%bb%bfune-illustration-de-lengagement-ferme-du-royaume-en-faveur-de-lafrique\/","title":{"rendered":"\ufeffUne illustration de l\u2019engagement ferme du Royaume en faveur de l\u2019Afrique"},"content":{"rendered":"<p class=\"has-text-color has-vivid-red-color c2\"><strong>Jean-Patrice Koe, directeur du bureau du Parlement Panafricain (PAP)<\/strong><\/p>\n<p class=\"c3\"><strong>Abdelghani Aouifia (MAP)<\/strong><\/p>\n<p class=\"has-text-color c4\"><strong>L\u2019Initiative de SM le Roi Mohammed VI d\u2019accorder des aides m\u00e9dicales afin d\u2019accompagner les pays africains fr\u00e8res dans leurs efforts de lutte contre la pand\u00e9mie du COVID-19, \u00abillustre l\u2019engagement ferme et permanent du Maroc en faveur du continent\u00bb, a indiqu\u00e9, lundi, Jean-Patrice Koe, directeur du bureau du Parlement Panafricain (PAP), dont le si\u00e8ge se trouve en Afrique du Sud.<\/strong><\/p>\n<p>\u00abL\u2019Initiative de SM le Roi est hautement appr\u00e9ci\u00e9e au niveau continental, car elle illustre l\u2019engagement ferme et permanent de SM le Roi et du Maroc aux cot\u00e9s de l\u2019Afrique\u00bb, a d\u00e9clar\u00e9 \u00e0 la MAP M. Koe. \u00abIl s\u2019agit d\u2019une initiative qu\u2019il faut saluer une fois de plus et remercier le Maroc pour les efforts qu\u2019il ne cesse de d\u00e9ployer au profit du continent africain\u00bb, a dit le responsable du PAP.<\/p>\n<p>Relevant que le Maroc avait d\u00e9j\u00e0 anticip\u00e9 les cons\u00e9quences de la pand\u00e9mie du nouveau Coronavirus, M. Koe a soulign\u00e9 que, sous la conduite de SM le Roi, l\u2019industrie marocaine a su s\u2019adapter aux nouvelles r\u00e9alit\u00e9s impos\u00e9es par le COVID-19.<\/p>\n<p>Et d\u2019ajouter que l\u2019Initiative Royale arrive \u00e0 point nomm\u00e9 pour mettre en avant les valeurs de partage d\u2019expertise et de bonnes pratiques. \u00ab Cela ne fait que t\u00e9moigner et confirmer le caract\u00e8re humain de l\u2019initiative, qui vient montrer la voie \u00e0 suivre pour renforcer les liens de coop\u00e9ration et de solidarit\u00e9 entre les pays africains\u00bb, a-t-il dit.<\/p>\n<p>L\u2019aide aux pays africains, appartenant aux diff\u00e9rentes sous-r\u00e9gions du continent, t\u00e9moigne aussi de la place que l\u2019Afrique occupe au sein de la politique \u00e9trang\u00e8re du Maroc et des ces liens de fraternit\u00e9 que le Royaume a toujours entretenus avec les pays du continent, a encore indiqu\u00e9 M. Koe, soulignant que la nouvelle Initiative Royale rappelle les efforts et l\u2019action inlassables du Maroc en vue de promouvoir les liens de solidarit\u00e9, de partage et de fraternit\u00e9 africains.<\/p>\n<p>SM le Roi Mohammed VI avait donn\u00e9 Ses Tr\u00e8s Hautes Instructions pour l\u2019acheminement d\u2019aides m\u00e9dicales \u00e0 plusieurs pays africains fr\u00e8res.<\/p>\n<p>Cette aide vise \u00e0 fournir du mat\u00e9riel m\u00e9dical pr\u00e9ventif, afin d\u2019accompagner les pays africains fr\u00e8res dans leurs efforts de lutte contre la pand\u00e9mie du COVID-19.<\/p>\n<p>L\u2019aide est compos\u00e9e de pr\u00e8s de 8 millions de masques, 900.000 visi\u00e8res, 600.000 charlottes, 60.000 blouses, 30.000 litres de gel hydroalcoolique, ainsi que 75.000 bo\u00eetes de chloroquine et 15.000 boites d\u2019Azithromycine.<\/p>\n<p>Ces aides b\u00e9n\u00e9ficieront \u00e0 15 pays africains, appartenant \u00e0 toutes les sous-r\u00e9gions du continent, \u00e0 savoir : le Burkina Faso, le Cameroun, les Comores, le Congo, Eswatini, la Guin\u00e9e, la Guin\u00e9e-Bissau, le Malawi, la Mauritanie, le Niger, la R\u00e9publique D\u00e9mocratique du Congo, le S\u00e9n\u00e9gal, la Tanzanie, le Tchad et la Zambie.<\/p>\n<p>Cette action de solidarit\u00e9 s\u2019inscrit dans le cadre de la mise en \u0153uvre de l\u2019Initiative lanc\u00e9e par SM le Roi, le 13 avril 2020, en tant que d\u00e9marche pragmatique et orient\u00e9e vers l\u2019action, destin\u00e9e aux pays africains fr\u00e8res, permettant un partage d\u2019exp\u00e9riences et de bonnes pratiques et visant \u00e0 \u00e9tablir un cadre op\u00e9rationnel afin d\u2019accompagner leurs efforts dans les diff\u00e9rentes phases de gestion de la pand\u00e9mie, note le minist\u00e8re.<\/p>\n<p class=\"c3\"><strong>(MAP)<\/strong><\/p>\n<p>Auteur: M&rsquo;hammed rahal<br \/>\n<a href=\"http:\/\/albayane.press.ma\/%EF%BB%BFune-illustration-de-lengagement-ferme-du-royaume-en-faveur-de-lafrique.html\">Cliquez ici pour lire l&rsquo;article depuis sa source.<\/a><\/p>\n","protected":false},"excerpt":{"rendered":"<p>Jean-Patrice Koe, directeur du bureau du Parlement Panafricain (PAP) Abdelghani Aouifia (MAP) L\u2019Initiative de SM le Roi Mohammed VI d\u2019accorder des aides m\u00e9dicales afin d\u2019accompagner les pays africains fr\u00e8res dans leurs efforts de lutte contre la pand\u00e9mie du COVID-19, \u00abillustre l\u2019engagement ferme et permanent du Maroc en faveur du continent\u00bb, a indiqu\u00e9, lundi, Jean-Patrice Koe, [&hellip;]<\/p>\n","protected":false},"author":1760,"featured_media":0,"comment_status":"closed","ping_status":"closed","sticky":false,"template":"","format":"standard","meta":{"fifu_image_url":"","fifu_image_alt":"","footnotes":""},"categories":[73,54],"tags":[],"class_list":["post-89015","post","type-post","status-publish","format-standard","hentry","category-actualite","category-maroc"],"_links":{"self":[{"href":"https:\/\/linitiative.ca\/International\/wp-json\/wp\/v2\/posts\/89015","targetHints":{"allow":["GET"]}}],"collection":[{"href":"https:\/\/linitiative.ca\/International\/wp-json\/wp\/v2\/posts"}],"about":[{"href":"https:\/\/linitiative.ca\/International\/wp-json\/wp\/v2\/types\/post"}],"author":[{"embeddable":true,"href":"https:\/\/linitiative.ca\/International\/wp-json\/wp\/v2\/users\/1760"}],"replies":[{"embeddable":true,"href":"https:\/\/linitiative.ca\/International\/wp-json\/wp\/v2\/comments?post=89015"}],"version-history":[{"count":0,"href":"https:\/\/linitiative.ca\/International\/wp-json\/wp\/v2\/posts\/89015\/revisions"}],"wp:attachment":[{"href":"https:\/\/linitiative.ca\/International\/wp-json\/wp\/v2\/media?parent=89015"}],"wp:term":[{"taxonomy":"category","embeddable":true,"href":"https:\/\/linitiative.ca\/International\/wp-json\/wp\/v2\/categories?post=89015"},{"taxonomy":"post_tag","embeddable":true,"href":"https:\/\/linitiative.ca\/International\/wp-json\/wp\/v2\/tags?post=89015"}],"curies":[{"name":"wp","href":"https:\/\/api.w.org\/{rel}","templated":true}]}}