{"id":89016,"date":"2020-06-15T10:42:13","date_gmt":"2020-06-15T14:42:13","guid":{"rendered":"https:\/\/linitiative.ca\/International\/une-forte-claque-au-polisario-et-un-acquis-pour-le-maroc\/"},"modified":"2020-06-15T10:42:13","modified_gmt":"2020-06-15T14:42:13","slug":"une-forte-claque-au-polisario-et-un-acquis-pour-le-maroc","status":"publish","type":"post","link":"https:\/\/linitiative.ca\/International\/une-forte-claque-au-polisario-et-un-acquis-pour-le-maroc\/","title":{"rendered":"\u00abUne forte claque\u00bb au \u00abPolisario\u00bb et un \u00abacquis\u00bb pour le Maroc"},"content":{"rendered":"<p class=\"has-text-color has-vivid-red-color c2\"><strong>D\u00e9cisions de la Cour supr\u00eame espagnole sur la Sahara marocain<\/strong><\/p>\n<p class=\"has-text-color c3\"><strong>Les participants \u00e0 un colloque international, organis\u00e9 samedi soir sur les r\u00e9centes orientations de la Cour supr\u00eame espagnole et leur relation avec la diplomatie parall\u00e8le, ont affirm\u00e9 que les d\u00e9cisions r\u00e9cemment prises par cette Cour en rapport avec la question de l\u2019int\u00e9grit\u00e9 territoriale du Royaume constituent une \u00abforte claque\u00bb au soi-disant front \u00abPolisario\u00bb et un \u00abacquis\u00bb pour la diplomatie judiciaire marocaine.<\/strong><\/p>\n<p>Les d\u00e9cisions de la Cour supr\u00eame espagnole concernent principalement la d\u00e9cision d\u2019interdire l\u2019utilisation, occasionnelle ou permanente, de drapeaux \u00abnon officiels\u00bb ou de toute expression politique \u00e0 l\u2019int\u00e9rieur comme \u00e0 l\u2019ext\u00e9rieur des b\u00e2timents publics, ainsi que l\u2019arr\u00eat \u00e9manant de la Chambre civile de la Cour qui a refus\u00e9 la nationalit\u00e9 espagnole \u00e0 une citoyenne n\u00e9e en 1973 dans les provinces du Sud du Maroc, apr\u00e8s le recours introduit par la Direction G\u00e9n\u00e9rale de la S\u00e9curit\u00e9 Juridique et de la Foi Publique contre un verdict rendu par le tribunal r\u00e9gional des Bal\u00e9ares qui a accord\u00e9 la nationalit\u00e9 \u00e0 cette ressortissante, sur la base de l\u2019article 17.1 du Code civil.<\/p>\n<p>Le pr\u00e9sident de l\u2019Amicale Hassania des magistrats, Abdelhak Ayassi, a soulign\u00e9, lors de ce colloque tenu en visioconf\u00e9rence sous le titre \u00abl\u2019int\u00e9grit\u00e9 territoriale du Royaume \u00e0 travers la diplomatie parall\u00e8le: Lecture dans les r\u00e9centes orientations de la Cour supr\u00eame espagnole\u00bb, que cette rencontre s\u2019inscrit dans le cadre des initiatives organis\u00e9es par l\u2019Amicale pour mobiliser les soutiens et affronter les propositions incongrues des ennemis de l\u2019int\u00e9grit\u00e9 territoriale du Royaume.<\/p>\n<p>Et d\u2019ajouter que l\u2019Amicale hassania des magistrats, co-organisatrice du colloque avec son bureau \u00e0 la Cour de cassation, place au centre de ses priorit\u00e9s la visibilit\u00e9 de la cause nationale du Royaume et du solde juridique et des droits de l\u2019Homme que le Maroc a accumul\u00e9 et son projet remarquable, conduit avec sagesse et lucidit\u00e9 par Sa Majest\u00e9 le Roi Mohammed VI, pr\u00e9sident du Conseil sup\u00e9rieur du pouvoir judiciaire (CSPJ).<\/p>\n<p>Il a \u00e9voqu\u00e9, \u00e0 cet \u00e9gard, la septi\u00e8me r\u00e9union maroco-espagnole entre la Cour de cassation du Royaume du Maroc et la Cour supr\u00eame du Royaume d\u2019Espagne, tenue en f\u00e9vrier dernier \u00e0 Marrakech, et qui a connu, en particulier, la participation du pr\u00e9sident d\u00e9l\u00e9gu\u00e9 du CSPJ et Premier pr\u00e9sident de la Cour de cassation, Mustapha Fares et le pr\u00e9sident du Conseil g\u00e9n\u00e9ral espagnol du pouvoir judiciaire (CGPJ) et pr\u00e9sident de la Cour Supr\u00eame d\u2019Espagne, Carlos Lesmes Serrano. Pour sa part, Hassan Fetoukh, conseiller et pr\u00e9sident du bureau de l\u2019Amicale hassania des magistrats de la Cour de cassation, a soulign\u00e9 que la d\u00e9cision de la Cour supr\u00eame espagnole d\u2019emp\u00eacher l\u2019utilisation occasionnelle ou permanente de drapeaux \u00abnon officiels\u00bb, notamment le soi-disant drapeau de la r\u00e9publique fantoche, est d\u2019une importance capitale, \u00e9tant donn\u00e9 que les d\u00e9cisions de cette institution sont incontestables, car leur impact s\u2019\u00e9tend aux organisations r\u00e9gionales et europ\u00e9ennes.<\/p>\n<p>Cette d\u00e9cision constitue une \u00abforte claque\u00bb \u00e0 la fictive r\u00e9publique sahraouie, \u00ab\u00f4te la l\u00e9gitimit\u00e9 fictive\u00bb de cette entit\u00e9 et bat \u00e0 plate couture les th\u00e8ses s\u00e9paratistes qui sont v\u00e9hicul\u00e9es sur le sol espagnol, affirme M. Fetoukh, notant que la Cour europ\u00e9enne avait adopt\u00e9 la m\u00eame orientation en 2018 apr\u00e8s avoir rejet\u00e9 le recours intent\u00e9 par le polisario contre l\u2019accord de p\u00eache maritime avec le Maroc, sous pr\u00e9texte que l\u2019entit\u00e9 ne dispose pas de statut juridique pour sa mise en place.<\/p>\n<p>La nouvelle orientation judiciaire de la Cour supr\u00eame espagnole est \u00e9galement conforme \u00e0 la r\u00e9ponse du Conseil de s\u00e9curit\u00e9 des Nations Unies \u00e0 la protestation de l\u2019Alg\u00e9rie contre l\u2019ouverture de consulats de certains pays africains dans les provinces du Sud du Royaume, puisqu\u2019il s\u2019agit d\u2019une \u00abd\u00e9cision souveraine\u00bb qui constitue \u00abune victoire juridique suppl\u00e9mentaire pour le Royaume et un succ\u00e8s de la strat\u00e9gie diplomatique officielle et parall\u00e8le\u00bb, a-t-il ajout\u00e9. De son c\u00f4t\u00e9 Hilal Tarkou Lahlimi, pr\u00e9sident de l\u2019Association des avocats d\u2019origine marocaine en Espagne, a qualifi\u00e9 les r\u00e9centes d\u00e9cisions de la Cour supr\u00eame espagnole de \u00abcoup de gr\u00e2ce\u00bb pour les s\u00e9paratistes qui exploitent tous les moyens pour en b\u00e9n\u00e9ficier au d\u00e9triment des Marocains d\u00e9tenus dans les camps de Tindouf, dans le sud de l\u2019Alg\u00e9rie.<\/p>\n<p>M. Tarkou, \u00e9galement pr\u00e9sident de l\u2019Association du r\u00e9seau des avocats marocains et d\u2019origine marocaine exer\u00e7ant \u00e0 l\u2019\u00e9tranger, a estim\u00e9 que la d\u00e9cision d\u2019interdire l\u2019utilisation occasionnelle ou permanente de drapeaux \u00abnon officiels\u00bb ou de toute autre expression politique \u00e0 l\u2019int\u00e9rieur ou \u00e0 l\u2019ext\u00e9rieur des b\u00e2timents publics sur le sol espagnol constitue un \u00abpoint final\u00bb pour cette exploitation par le polisario, l\u2019entit\u00e9 fictive, qui sera frapp\u00e9 \u00e0 plusieurs reprises par la suite.<\/p>\n<p>Pour sa part, Ibrahim Sadouq, pr\u00e9sident de l\u2019Instance nationale de la justice, a soulign\u00e9, dans son intervention, que les r\u00e9centes d\u00e9cisions de la Cour supr\u00eame espagnole constituent \u00abun des fruits de la communication\u00bb adopt\u00e9e par la diplomatie marocaine, notamment judiciaire, dans le cadre de la pr\u00e9sentation et de la d\u00e9fense de la cause de l\u2019int\u00e9grit\u00e9 territoriale du Royaume.<\/p>\n<p>C\u2019est une diplomatie qui a a conduit au retrait, par de nombreux pays, de leur reconnaissance de la R\u00e9publique sahraouie fantoche, a-t-il ajout\u00e9.<\/p>\n<p>Ces d\u00e9cisions constituent \u00abun d\u00e9ni cat\u00e9gorique l\u00e9gal\u00bb de tout statut juridique d\u2019une entit\u00e9 fictive appel\u00e9e \u00abpolisario\u00bb et font partie des d\u00e9faites qui ne cessent de lui \u00eatre inflig\u00e9es, comme la d\u00e9cision de la Cour europ\u00e9enne de rejeter le recours intent\u00e9 par le \u00abpolisario\u00bb contre l\u2019accord de p\u00eache avec le Royaume, a-t-il indiqu\u00e9.<\/p>\n<p>Auteur: M&rsquo;hammed rahal<br \/>\n<a href=\"http:\/\/albayane.press.ma\/une-forte-claque-au-polisario-et-un-acquis-pour-le-maroc.html\">Cliquez ici pour lire l&rsquo;article depuis sa source.<\/a><\/p>\n","protected":false},"excerpt":{"rendered":"<p>D\u00e9cisions de la Cour supr\u00eame espagnole sur la Sahara marocain Les participants \u00e0 un colloque international, organis\u00e9 samedi soir sur les r\u00e9centes orientations de la Cour supr\u00eame espagnole et leur relation avec la diplomatie parall\u00e8le, ont affirm\u00e9 que les d\u00e9cisions r\u00e9cemment prises par cette Cour en rapport avec la question de l\u2019int\u00e9grit\u00e9 territoriale du Royaume [&hellip;]<\/p>\n","protected":false},"author":1760,"featured_media":0,"comment_status":"closed","ping_status":"closed","sticky":false,"template":"","format":"standard","meta":{"fifu_image_url":"","fifu_image_alt":"","footnotes":""},"categories":[73,54],"tags":[],"class_list":["post-89016","post","type-post","status-publish","format-standard","hentry","category-actualite","category-maroc"],"_links":{"self":[{"href":"https:\/\/linitiative.ca\/International\/wp-json\/wp\/v2\/posts\/89016","targetHints":{"allow":["GET"]}}],"collection":[{"href":"https:\/\/linitiative.ca\/International\/wp-json\/wp\/v2\/posts"}],"about":[{"href":"https:\/\/linitiative.ca\/International\/wp-json\/wp\/v2\/types\/post"}],"author":[{"embeddable":true,"href":"https:\/\/linitiative.ca\/International\/wp-json\/wp\/v2\/users\/1760"}],"replies":[{"embeddable":true,"href":"https:\/\/linitiative.ca\/International\/wp-json\/wp\/v2\/comments?post=89016"}],"version-history":[{"count":0,"href":"https:\/\/linitiative.ca\/International\/wp-json\/wp\/v2\/posts\/89016\/revisions"}],"wp:attachment":[{"href":"https:\/\/linitiative.ca\/International\/wp-json\/wp\/v2\/media?parent=89016"}],"wp:term":[{"taxonomy":"category","embeddable":true,"href":"https:\/\/linitiative.ca\/International\/wp-json\/wp\/v2\/categories?post=89016"},{"taxonomy":"post_tag","embeddable":true,"href":"https:\/\/linitiative.ca\/International\/wp-json\/wp\/v2\/tags?post=89016"}],"curies":[{"name":"wp","href":"https:\/\/api.w.org\/{rel}","templated":true}]}}