{"id":89017,"date":"2020-06-15T10:47:02","date_gmt":"2020-06-15T14:47:02","guid":{"rendered":"https:\/\/linitiative.ca\/International\/%ef%bb%bflinitiative-royale-daccorder-des-aides-medicales-aux-pays-africains-un-geste-fort-de-solidarite-africaine\/"},"modified":"2020-06-15T10:47:02","modified_gmt":"2020-06-15T14:47:02","slug":"%ef%bb%bflinitiative-royale-daccorder-des-aides-medicales-aux-pays-africains-un-geste-fort-de-solidarite-africaine","status":"publish","type":"post","link":"https:\/\/linitiative.ca\/International\/%ef%bb%bflinitiative-royale-daccorder-des-aides-medicales-aux-pays-africains-un-geste-fort-de-solidarite-africaine\/","title":{"rendered":"\ufeffL\u2019Initiative Royale d\u2019accorder des aides m\u00e9dicales aux pays africains, \u00abun geste fort\u00bb de solidarit\u00e9 africaine"},"content":{"rendered":"<p class=\"has-text-color has-vivid-red-color c2\"><strong>Mme Liesl Louw-Vaudran, experte sud-africaine des questions continentales<\/strong><\/p>\n<p class=\"c3\"><strong>Abdelghani Aouifia<\/strong> (MAP)<\/p>\n<p class=\"has-text-color c4\"><strong>L\u2019initiative de SM le Roi Mohammed VI d\u2019accorder des aides m\u00e9dicales afin d\u2019accompagner les pays africains fr\u00e8res dans leurs efforts de lutte contre la pand\u00e9mie du COVID-19, repr\u00e9sente \u00abun geste fort\u00bb de solidarit\u00e9 africaine, a indiqu\u00e9, lundi, Mme Liesl Louw-Vaudran, experte sud-africaine des questions continentales.<\/strong><\/p>\n<p>L\u2019initiative Royale devra avoir un effet catalyseur et cr\u00e9era un nouvel \u00e9lan de solidarit\u00e9 dont l\u2019Afrique a besoin en ces temps de propagation du Coronavirus, a d\u00e9clar\u00e9 \u00e0 la MAP Mme Louw-Vaudran, membre de l\u2019influent Institut des \u00e9tudes s\u00e9curitaires (ISS, bas\u00e9 \u00e0 Pretoria).<\/p>\n<p>C\u2019est la premi\u00e8re fois qu\u2019un pays africain prend une telle initiative au niveau continental, a-t-elle fait remarquer, soulignant que l\u2019initiative Royale \u00abconforte le Maroc dans son r\u00f4le de voix de solidarit\u00e9 en Afrique\u00bb.<\/p>\n<p>Il s\u2019agit aussi, a-t-elle ajout\u00e9, d\u2019un message selon lequel les pays africains avanc\u00e9s peuvent aider l\u2019Afrique dans ses efforts de prendre en main sa propre destin\u00e9e loin de toute aide venue d\u2019autres continents.<\/p>\n<p>Le Maroc a depuis toujours \u00e9t\u00e9 \u00e0 l\u2019avant-garde de la d\u00e9fense et la promotion des int\u00e9r\u00eats de l\u2019Afrique, a-t-elle indiqu\u00e9, soulignant que le niveau de d\u00e9veloppement atteint par le Maroc permet au Royaume de se projeter dans un r\u00f4le continental de premier plan.<\/p>\n<p>L\u2019initiative Royale s\u2019inscrit aussi dans le cadre de la politique continentale du Maroc, au sein de laquelle la dimension humaine occupe une place pr\u00e9pond\u00e9rante, a encore dit l\u2019experte sud-africaine, rappelant que le Maroc n\u2019a jamais eu de cesse de mettre en relief la centralit\u00e9 de l\u2019\u00e9l\u00e9ment humain dans tout effort de d\u00e9veloppement tant au niveau national que continental.<\/p>\n<p>Et d\u2019ajouter que la nouvelle initiative doit donner l\u2019exemple pour le d\u00e9veloppement de d\u00e9marches similaires, en particulier dans le contexte du COVID-19.<\/p>\n<p>D\u2019apr\u00e8s Mme Louw-Vaudran, il est temps pour les pays africains de focaliser sur le d\u00e9veloppement d\u2019un secteur aussi vital que celui de la sant\u00e9. Des pays comme le Maroc, qui dispose d\u2019une grande expertise et d\u2019un savoir-faire confirm\u00e9, doivent joindre les efforts pour atteindre cet objectif.<\/p>\n<p>\u00abLe Maroc est bien positionn\u00e9 pour contribuer \u00e0 cet effort\u00bb a-t-elle dit, soulignant le caract\u00e8re \u00abinclusif\u00bb de l\u2019initiative Royale qui concerne 15 pays africains, dont des pays situ\u00e9s dans la zone anglophone. \u00abCeci confirme le caract\u00e8re panafricain\u00bb de l\u2019initiative, a relev\u00e9 l\u2019experte.<\/p>\n<p>Auteur: M&rsquo;hammed rahal<br \/>\n<a href=\"http:\/\/albayane.press.ma\/%EF%BB%BFlinitiative-royale-daccorder-des-aides-medicales-aux-pays-africains-un-geste-fort-de-solidarite-africaine.html\">Cliquez ici pour lire l&rsquo;article depuis sa source.<\/a><\/p>\n","protected":false},"excerpt":{"rendered":"<p>Mme Liesl Louw-Vaudran, experte sud-africaine des questions continentales Abdelghani Aouifia (MAP) L\u2019initiative de SM le Roi Mohammed VI d\u2019accorder des aides m\u00e9dicales afin d\u2019accompagner les pays africains fr\u00e8res dans leurs efforts de lutte contre la pand\u00e9mie du COVID-19, repr\u00e9sente \u00abun geste fort\u00bb de solidarit\u00e9 africaine, a indiqu\u00e9, lundi, Mme Liesl Louw-Vaudran, experte sud-africaine des questions [&hellip;]<\/p>\n","protected":false},"author":1760,"featured_media":0,"comment_status":"closed","ping_status":"closed","sticky":false,"template":"","format":"standard","meta":{"fifu_image_url":"","fifu_image_alt":"","footnotes":""},"categories":[73,54],"tags":[],"class_list":["post-89017","post","type-post","status-publish","format-standard","hentry","category-actualite","category-maroc"],"_links":{"self":[{"href":"https:\/\/linitiative.ca\/International\/wp-json\/wp\/v2\/posts\/89017","targetHints":{"allow":["GET"]}}],"collection":[{"href":"https:\/\/linitiative.ca\/International\/wp-json\/wp\/v2\/posts"}],"about":[{"href":"https:\/\/linitiative.ca\/International\/wp-json\/wp\/v2\/types\/post"}],"author":[{"embeddable":true,"href":"https:\/\/linitiative.ca\/International\/wp-json\/wp\/v2\/users\/1760"}],"replies":[{"embeddable":true,"href":"https:\/\/linitiative.ca\/International\/wp-json\/wp\/v2\/comments?post=89017"}],"version-history":[{"count":0,"href":"https:\/\/linitiative.ca\/International\/wp-json\/wp\/v2\/posts\/89017\/revisions"}],"wp:attachment":[{"href":"https:\/\/linitiative.ca\/International\/wp-json\/wp\/v2\/media?parent=89017"}],"wp:term":[{"taxonomy":"category","embeddable":true,"href":"https:\/\/linitiative.ca\/International\/wp-json\/wp\/v2\/categories?post=89017"},{"taxonomy":"post_tag","embeddable":true,"href":"https:\/\/linitiative.ca\/International\/wp-json\/wp\/v2\/tags?post=89017"}],"curies":[{"name":"wp","href":"https:\/\/api.w.org\/{rel}","templated":true}]}}