{"id":89018,"date":"2020-06-15T11:03:17","date_gmt":"2020-06-15T15:03:17","guid":{"rendered":"https:\/\/linitiative.ca\/International\/%ef%bb%bfanalyse-de-limpact-du-covid-19-sur-la-publication-des-appels-doffres-au-maroc\/"},"modified":"2020-06-15T11:03:17","modified_gmt":"2020-06-15T15:03:17","slug":"%ef%bb%bfanalyse-de-limpact-du-covid-19-sur-la-publication-des-appels-doffres-au-maroc","status":"publish","type":"post","link":"https:\/\/linitiative.ca\/International\/%ef%bb%bfanalyse-de-limpact-du-covid-19-sur-la-publication-des-appels-doffres-au-maroc\/","title":{"rendered":"\ufeffAnalyse de l\u2019impact du COVID-19 sur la publication des appels d\u2019offres au Maroc"},"content":{"rendered":"<div class=\"wp-block-image\"><img loading=\"lazy\" decoding=\"async\" src=\"http:\/\/albayane.press.ma\/wp-content\/uploads\/Khalid-Dahami.jpg\" alt=\"\" class=\"wp-image-91037\" width=\"213\" height=\"201\"\/> Khalid Dahami (DG de Sodipress)<\/div>\n<p class=\"has-text-color c2\"><strong>Le d\u00e9cr\u00e9tement de l\u2019\u00e9tat d\u2019urgence sanitaire et du confinement a engendr\u00e9 une crise \u00e9conomique sans pr\u00e9c\u00e9dent dans plus de la moiti\u00e9 des pays de la plan\u00e8te. Ce qui s\u2019est traduit par l\u2019arr\u00eat quasi-total de la vie de l\u2019entreprise toutes branches confondues. Afin d\u2019approcher l\u2019impact de la situation sur la dynamique \u00e9conomique globale, SODIPRESS.com (portail web de r\u00e9f\u00e9rence sp\u00e9cialis\u00e9e dans la publication des appels d\u2019offres publics et priv\u00e9s) et W-ADVISER (Cabinet d\u2019\u00e9tudes marketing) se sont associ\u00e9s pour analyser les tendances g\u00e9n\u00e9rales de publications des Appels d\u2019Offres en situation de crise et, en cons\u00e9quence, anticiper l\u2019\u00e9volution qui devrait marquer l\u2019apr\u00e8s confinement en phase de retour \u00e0 la vie normale en la mati\u00e8re.<\/strong><\/p>\n<p>A cet \u00e9gard, compte-tenu des effets paralysants ayant caract\u00e9ris\u00e9 la crise sanitaire, il a \u00e9t\u00e9 constat\u00e9, au pr\u00e9alable, que l\u2019impact est diff\u00e9rent selon les secteurs et les pays. Il reste n\u00e9anmoins que son impact global a \u00e9t\u00e9 senti comme une onde de choc ayant produit un sentiment partag\u00e9 par tous : l\u2019arr\u00eat de la dynamique d\u2019ensemble qui anime le tissu productif \u00e0 l\u2019\u00e9chelle mondiale et, par cons\u00e9quent, au Maroc.<\/p>\n<p>Afin de mener cette \u00e9tude de mani\u00e8re repr\u00e9sentative sur le comportement des acteurs au Maroc, il a \u00e9t\u00e9 proc\u00e9d\u00e9 \u00e0 une \u00e9valuation fond\u00e9e sur un benchmarking des donn\u00e9s \u00e0 disposition sur une p\u00e9riode de 12 mois, appuy\u00e9 par un comparatif interactif des r\u00e9sultats hebdomadaires de SODIPRESS.com et d\u2019autres sources, ce qui a permis de croiser les donn\u00e9es recueillies par secteur et par r\u00e9gion.<\/p>\n<p class=\"c3\"><strong>Contraction de l\u2019offre et de la demande<\/strong><\/p>\n<p>L\u2019\u00e9tude prend comme spectre d\u2019analyse la p\u00e9riode allant du 15 f\u00e9vrier au 31 mai. La <em>tendance<\/em> quasi-g\u00e9n\u00e9rale qui se d\u00e9gage est la contraction totale de l\u2019offre et de la demande dans tous les secteurs d\u2019activit\u00e9s.<\/p>\n<p>C\u2019est ainsi que l\u2019\u00e9tude r\u00e9v\u00e8le la tendance baissi\u00e8re significative de la publication des appels d\u2019offres (AO), en relevant que l\u2019impact d\u00e9constructeur est manifeste depuis le d\u00e9clenchement de l\u2019urgence sanitaire, c\u2019est-\u00e0-dire \u00e0 partir de la mi-mars 2020. N\u00e9anmoins, la baisse de publication des AO n\u2019a plus \u00e9t\u00e9 pareillement observ\u00e9e au niveau de toutes les branches d\u2019activit\u00e9s, la baisse se resserrant selon les secteurs \u00e0 partir du 15 avril de la m\u00eame ann\u00e9e.<\/p>\n<p>Il est \u00e0 noter \u00e9galement que cette tendance varie d\u2019une r\u00e9gion \u00e0 l\u2019autre, sachant que, globalement, la tendance est marqu\u00e9e par une reprise timide sur l\u2019ensemble du territoire national \u00e0 partir du mois de mai.<\/p>\n<p>Ainsi, la r\u00e9gion du Sud est caract\u00e9ris\u00e9e par une reprise dynamique renouant avec la situation de l\u2019avant crise-Covid-19, comme le montre le graphique infra. Les autres r\u00e9gions se sont cantonn\u00e9es dans une tranche se situant entre 60 \u00e0 75% pour la m\u00eame p\u00e9riode.<\/p>\n<p>Grosso modo, on peut donc conclure que les publications mensuelles pr\u00e9sagent d\u2019une reprise totale en juin 2020.<\/p>\n<p class=\"c3\"><strong>Stabilisation graduelle ascendante<\/strong><\/p>\n<div class=\"wp-block-image\"><img loading=\"lazy\" decoding=\"async\" src=\"http:\/\/albayane.press.ma\/wp-content\/uploads\/ouv26.png\" alt=\"\" class=\"wp-image-91038\" width=\"581\" height=\"349\"\/><\/div>\n<p>Au plan sectoriel, l\u2019\u00e9tude aboutit \u00e0 la conclusion que les BTP, \u00e9tudes et Conseil enregistrent le plus fort recul, alors que les secteurs les moins impact\u00e9s au moment de l\u2019analyse sont \u2018\u2019l\u2019informatique, t\u00e9l\u00e9communications, \u00e9lectrique, \u00e9lectronique et bureautique\u2019\u2019 (-27%) et l\u2019Agriculture (-23%). Il ressort de ce comparatif que la tenue de l\u2019offre devrait b\u00e9n\u00e9ficier d\u2019une stabilisation \u00e0 partir du mois de juin.<\/p>\n<p>La troisi\u00e8me tendance qui se profile est que la reprise ascendante devrait se confirmer dans les 30 jours pour l\u2019ensemble de ces secteurs, avec\u00a0 cependant cette r\u00e9serve pragmatique que la p\u00e9riode allant du 15 mai au 15 juin fixerait la balance idoine pouvant confirmer cette \u00e9volution.<\/p>\n<p><em>Globalement et en conclusion<\/em>, Il ressort de cette analyse que la commande publique restera <em>le levier<\/em> dominant <em>impactant la reprise<\/em>, ce qui pr\u00e9figurerait la maitrise de la crise sanitaire et, de ce fait, la relance \u00e9conomique du pays.<\/p>\n<p>Il est, en cons\u00e9quence, attendu que les entreprises scruteront la publication des appels d\u2019offres publics, facteur d\u00e9terminant dans le processus de renouement maitris\u00e9 de leurs activit\u00e9s.<\/p>\n<p>A cet \u00e9gard, il est utile de rappeler que l\u2019acc\u00e9l\u00e9ration de la r\u00e9forme de la commande publique, dans toutes ses dimensions(*) est de nature \u00e0 reformuler qualitativement l\u2019essor de l\u2019\u00e9conomie nationale de l\u2019apr\u00e8s crise.<\/p>\n<p>Le prochain challenge r\u00e9sidera dans l\u2019adoption des d\u00e9crets d\u2019application de la loi sur les PPP\u00a0 (Partenariat Publics Priv\u00e9s) permettant ainsi une forte adh\u00e9sion des entreprises priv\u00e9es marocaines, toutes tailles confondues, aux projets d\u2019investissement indispensables au\u00a0 d\u00e9veloppement \u00e9conomique et social de toutes les r\u00e9gions du Royaume.<\/p>\n<p class=\"has-text-color has-vivid-red-color c3\"><strong>SODIPRESS et W ADVISER<\/strong><\/p>\n<p class=\"has-background has-pale-cyan-blue-background-color\">Lanc\u00e9 en 1998, SODIPRESS.com est la r\u00e9f\u00e9rence incontournable de diffusion de la quasi-totalit\u00e9 des appels d\u2019offres, publics et priv\u00e9s, au Maroc et dans plusieurs pays d\u2019Afrique. Le portail propose en outre des services ax\u00e9s sur la formation, le conseil, l\u2019assistance relative aux march\u00e9s publics et l\u2019information.<\/p>\n<p class=\"has-text-color has-background has-very-dark-gray-color has-pale-cyan-blue-background-color\">Il \u00e0 noter que depuis 36 ans, SODIPRESS \u00e9dite diff\u00e9rents supports de veille sur les Appels d\u2019Offres Publics et Priv\u00e9s publi\u00e9s au Maroc et dispose d\u2019une base de donn\u00e9es historique actualis\u00e9e, multisectorielle, et multir\u00e9gionale.<\/p>\n<p class=\"has-text-color has-background has-very-dark-gray-color has-pale-cyan-blue-background-color\">Cabinet ind\u00e9pendant d\u2019\u00e9tudes de march\u00e9, W-ADVISER accompagne les entreprises et les professionnels depuis 2008 dans la juste prise de d\u00e9cision marketing de la gen\u00e8se d\u2019id\u00e9es \u00e0 l\u2019\u00e9valuation du plan d\u2019action.<\/p>\n<p class=\"has-background has-pale-cyan-blue-background-color\">W-ADVISER s\u2019appuie sur une d\u00e9marche rigoureuse et des m\u00e9thodologies sp\u00e9cifiques \u00e0 la probl\u00e9matique et au secteur d\u2019activit\u00e9 de ses clients pour recommander une strat\u00e9gie claire et sur-mesure.<\/p>\n<p>Auteur: M&rsquo;hammed rahal<br \/>\n<a href=\"http:\/\/albayane.press.ma\/%EF%BB%BFanalyse-de-limpact-du-covid-19-sur-la-publication-des-appels-doffres-au-maroc.html\">Cliquez ici pour lire l&rsquo;article depuis sa source.<\/a><\/p>\n","protected":false},"excerpt":{"rendered":"<p>Khalid Dahami (DG de Sodipress) Le d\u00e9cr\u00e9tement de l\u2019\u00e9tat d\u2019urgence sanitaire et du confinement a engendr\u00e9 une crise \u00e9conomique sans pr\u00e9c\u00e9dent dans plus de la moiti\u00e9 des pays de la plan\u00e8te. Ce qui s\u2019est traduit par l\u2019arr\u00eat quasi-total de la vie de l\u2019entreprise toutes branches confondues. Afin d\u2019approcher l\u2019impact de la situation sur la dynamique [&hellip;]<\/p>\n","protected":false},"author":1760,"featured_media":89019,"comment_status":"closed","ping_status":"closed","sticky":false,"template":"","format":"standard","meta":{"fifu_image_url":"","fifu_image_alt":"","footnotes":""},"categories":[73,54],"tags":[],"class_list":["post-89018","post","type-post","status-publish","format-standard","has-post-thumbnail","hentry","category-actualite","category-maroc"],"_links":{"self":[{"href":"https:\/\/linitiative.ca\/International\/wp-json\/wp\/v2\/posts\/89018","targetHints":{"allow":["GET"]}}],"collection":[{"href":"https:\/\/linitiative.ca\/International\/wp-json\/wp\/v2\/posts"}],"about":[{"href":"https:\/\/linitiative.ca\/International\/wp-json\/wp\/v2\/types\/post"}],"author":[{"embeddable":true,"href":"https:\/\/linitiative.ca\/International\/wp-json\/wp\/v2\/users\/1760"}],"replies":[{"embeddable":true,"href":"https:\/\/linitiative.ca\/International\/wp-json\/wp\/v2\/comments?post=89018"}],"version-history":[{"count":0,"href":"https:\/\/linitiative.ca\/International\/wp-json\/wp\/v2\/posts\/89018\/revisions"}],"wp:featuredmedia":[{"embeddable":true,"href":"https:\/\/linitiative.ca\/International\/wp-json\/"}],"wp:attachment":[{"href":"https:\/\/linitiative.ca\/International\/wp-json\/wp\/v2\/media?parent=89018"}],"wp:term":[{"taxonomy":"category","embeddable":true,"href":"https:\/\/linitiative.ca\/International\/wp-json\/wp\/v2\/categories?post=89018"},{"taxonomy":"post_tag","embeddable":true,"href":"https:\/\/linitiative.ca\/International\/wp-json\/wp\/v2\/tags?post=89018"}],"curies":[{"name":"wp","href":"https:\/\/api.w.org\/{rel}","templated":true}]}}