{"id":89023,"date":"2020-06-15T08:59:31","date_gmt":"2020-06-15T12:59:31","guid":{"rendered":"https:\/\/linitiative.ca\/International\/naufrage-de-lembarcation-de-clandestins-un-bilan-de-61-victimes-repechees-au-large-de-sfax\/"},"modified":"2020-06-15T08:59:31","modified_gmt":"2020-06-15T12:59:31","slug":"naufrage-de-lembarcation-de-clandestins-un-bilan-de-61-victimes-repechees-au-large-de-sfax","status":"publish","type":"post","link":"https:\/\/linitiative.ca\/International\/naufrage-de-lembarcation-de-clandestins-un-bilan-de-61-victimes-repechees-au-large-de-sfax\/","title":{"rendered":"Naufrage de l\u2019embarcation de clandestins :  Un bilan de 61 victimes rep\u00each\u00e9es au large de Sfax"},"content":{"rendered":"<p>Quatre nouveaux corps parmi les victimes du naufrage de l\u2019embarcation d\u2019\u00e9migration clandestine, survenu dans la nuit du 6 au 7 juin 2020 au large de Kerkennah, ont \u00e9t\u00e9 rep\u00each\u00e9s, jusqu\u2019\u00e0 samedi, pr\u00e8s de la plage d\u2019Ellouza dans la d\u00e9l\u00e9gation de J\u00e9beniana (gouvernorat de Sfax).<\/p>\n<p>Il s\u2019agit des cadavres de trois adultes et un b\u00e9b\u00e9, ce qui porte le bilan des victimes de naufrage de cette embarcation \u00e0 61 jusqu\u2019\u00e0 pr\u00e9sent, a indiqu\u00e9 \u00e0 l\u2019Agence TAP le directeur r\u00e9gional de la protection civile \u00e0 Sfax Mourad Mechri.<\/p>\n<p>Les d\u00e9pouilles mortelles ont \u00e9t\u00e9 transf\u00e9r\u00e9es au service de m\u00e9decine l\u00e9gale puis \u00e0 la morgue de l\u2019h\u00f4pital universitaire Habib Bourguiba \u00e0 Sfax, apr\u00e8s v\u00e9rification de leurs identit\u00e9s.<\/p>\n<p>La plupart des victimes, dont une trentaine de femmes et trois b\u00e9b\u00e9s, sont originaires d\u2019Afrique Subsaharienne, except\u00e9 un tunisien qui est le capitaine de l\u2019embarcation et est originaire de Sfax, selon la m\u00eame source.<\/p>\n<p>Les recherches se poursuivent par les garde-c\u00f4tes \u00e0 Sfax en collaboration avec les unit\u00e9s de la protection civile pour rep\u00eacher d\u2019autres corps sans vie.<\/p>\n<p>Une enqu\u00eate avait \u00e9t\u00e9 ouverte pour identifier les organisateurs de cette tentative d\u2019\u00e9migration clandestine \u00e0 bord de cette embarcation partie, dans la nuit du 4 au 5 juin courant, depuis les c\u00f4tes sfaxiennes en direction des c\u00f4tes italiennes.<\/p>\n<div class=\"wp-post-author-wrap wp-post-author-shortcode left\">\n<h3 class=\"awpa-title\"\/>\n<div class=\"wp-post-author\">\n<div class=\"awpa-img awpa-author-block square\"><a href=\"http:\/\/lexpertjournal.net\/fr\/?author=5\"><img loading=\"lazy\" decoding=\"async\" alt=\"\" src=\"http:\/\/0.gravatar.com\/avatar\/97f8e10a1c1125ba104a76514ee07b16?s=150&amp;d=mm&amp;r=g\" srcset=\"http:\/\/0.gravatar.com\/avatar\/97f8e10a1c1125ba104a76514ee07b16?s=300&amp;d=mm&amp;r=g 2x\" class=\"avatar avatar-150 photo\" height=\"150\" width=\"150\"\/><\/a><\/div>\n<\/div>\n<\/div>\n<aside class=\"mashsb-container mashsb-main mashsb-stretched\">\n<\/aside>\n<p>Auteur: L&rsquo;expert<br \/>\n<a href=\"http:\/\/lexpertjournal.net\/fr\/?p=15238\">Cliquez ici pour lire l&rsquo;article depuis sa source.<\/a><\/p>\n","protected":false},"excerpt":{"rendered":"<p>Quatre nouveaux corps parmi les victimes du naufrage de l\u2019embarcation d\u2019\u00e9migration clandestine, survenu dans la nuit du 6 au 7 juin 2020 au large de Kerkennah, ont \u00e9t\u00e9 rep\u00each\u00e9s, jusqu\u2019\u00e0 samedi, pr\u00e8s de la plage d\u2019Ellouza dans la d\u00e9l\u00e9gation de J\u00e9beniana (gouvernorat de Sfax). Il s\u2019agit des cadavres de trois adultes et un b\u00e9b\u00e9, ce [&hellip;]<\/p>\n","protected":false},"author":1775,"featured_media":0,"comment_status":"closed","ping_status":"closed","sticky":false,"template":"","format":"standard","meta":{"fifu_image_url":"","fifu_image_alt":"","footnotes":""},"categories":[78,55],"tags":[],"class_list":["post-89023","post","type-post","status-publish","format-standard","hentry","category-economie","category-tunisie"],"_links":{"self":[{"href":"https:\/\/linitiative.ca\/International\/wp-json\/wp\/v2\/posts\/89023","targetHints":{"allow":["GET"]}}],"collection":[{"href":"https:\/\/linitiative.ca\/International\/wp-json\/wp\/v2\/posts"}],"about":[{"href":"https:\/\/linitiative.ca\/International\/wp-json\/wp\/v2\/types\/post"}],"author":[{"embeddable":true,"href":"https:\/\/linitiative.ca\/International\/wp-json\/wp\/v2\/users\/1775"}],"replies":[{"embeddable":true,"href":"https:\/\/linitiative.ca\/International\/wp-json\/wp\/v2\/comments?post=89023"}],"version-history":[{"count":0,"href":"https:\/\/linitiative.ca\/International\/wp-json\/wp\/v2\/posts\/89023\/revisions"}],"wp:attachment":[{"href":"https:\/\/linitiative.ca\/International\/wp-json\/wp\/v2\/media?parent=89023"}],"wp:term":[{"taxonomy":"category","embeddable":true,"href":"https:\/\/linitiative.ca\/International\/wp-json\/wp\/v2\/categories?post=89023"},{"taxonomy":"post_tag","embeddable":true,"href":"https:\/\/linitiative.ca\/International\/wp-json\/wp\/v2\/tags?post=89023"}],"curies":[{"name":"wp","href":"https:\/\/api.w.org\/{rel}","templated":true}]}}