{"id":89024,"date":"2020-06-15T09:01:41","date_gmt":"2020-06-15T13:01:41","guid":{"rendered":"https:\/\/linitiative.ca\/International\/accusations-dabir-moussi-la-ministere-de-la-justice-ordonne-louverture-dune-enquete\/"},"modified":"2020-06-15T09:01:41","modified_gmt":"2020-06-15T13:01:41","slug":"accusations-dabir-moussi-la-ministere-de-la-justice-ordonne-louverture-dune-enquete","status":"publish","type":"post","link":"https:\/\/linitiative.ca\/International\/accusations-dabir-moussi-la-ministere-de-la-justice-ordonne-louverture-dune-enquete\/","title":{"rendered":"Accusations d\u2019Abir Moussi La minist\u00e8re de la justice ordonne l\u2019ouverture d\u2019une enqu\u00eate"},"content":{"rendered":"<p>La ministre de la justice, Thouraya Jeribi a ordonn\u00e9 l\u2019ouverture d\u2019une enqu\u00eate sur les d\u00e9clarations de la pr\u00e9sidente du Parti Destourien Libre (PDL), Abir Moussi, lors de son passage sur la cha\u00eene nationale, Al Watania 1.<\/p>\n<p>Invit\u00e9e dans l\u2019\u00e9mission \u00ab Maa Ennes \u00bb, Moussi avait accus\u00e9, vendredi, des d\u00e9put\u00e9s de mener des contacts avec des terroristes d\u00e9tenus dans les prisons de Mornaguia et Borj Amri.<\/p>\n<p>Moussi a dit disposer d\u2019informations sur des cadres s\u00e9curitaires qui facilitent la communication entre des d\u00e9put\u00e9s avec des d\u00e9tenus impliqu\u00e9s dans des affaires terroristes.<\/p>\n<p>La ministre a ouvert une enqu\u00eate sur la base de l\u2019article 23 du Code de Proc\u00e9dure P\u00e9nale, lit-on dans un communiqu\u00e9 du minist\u00e8re.<\/p>\n<div class=\"wp-post-author-wrap wp-post-author-shortcode left\">\n<h3 class=\"awpa-title\"\/>\n<div class=\"wp-post-author\">\n<div class=\"awpa-img awpa-author-block square\"><a href=\"http:\/\/lexpertjournal.net\/fr\/?author=5\"><img loading=\"lazy\" decoding=\"async\" alt=\"\" src=\"http:\/\/0.gravatar.com\/avatar\/97f8e10a1c1125ba104a76514ee07b16?s=150&amp;d=mm&amp;r=g\" srcset=\"http:\/\/0.gravatar.com\/avatar\/97f8e10a1c1125ba104a76514ee07b16?s=300&amp;d=mm&amp;r=g 2x\" class=\"avatar avatar-150 photo\" height=\"150\" width=\"150\"\/><\/a><\/div>\n<\/div>\n<\/div>\n<aside class=\"mashsb-container mashsb-main mashsb-stretched\">\n<\/aside>\n<p>Auteur: L&rsquo;expert<br \/>\n<a href=\"http:\/\/lexpertjournal.net\/fr\/?p=15241\">Cliquez ici pour lire l&rsquo;article depuis sa source.<\/a><\/p>\n","protected":false},"excerpt":{"rendered":"<p>La ministre de la justice, Thouraya Jeribi a ordonn\u00e9 l\u2019ouverture d\u2019une enqu\u00eate sur les d\u00e9clarations de la pr\u00e9sidente du Parti Destourien Libre (PDL), Abir Moussi, lors de son passage sur la cha\u00eene nationale, Al Watania 1. Invit\u00e9e dans l\u2019\u00e9mission \u00ab Maa Ennes \u00bb, Moussi avait accus\u00e9, vendredi, des d\u00e9put\u00e9s de mener des contacts avec des [&hellip;]<\/p>\n","protected":false},"author":1775,"featured_media":0,"comment_status":"closed","ping_status":"closed","sticky":false,"template":"","format":"standard","meta":{"fifu_image_url":"","fifu_image_alt":"","footnotes":""},"categories":[78,55],"tags":[],"class_list":["post-89024","post","type-post","status-publish","format-standard","hentry","category-economie","category-tunisie"],"_links":{"self":[{"href":"https:\/\/linitiative.ca\/International\/wp-json\/wp\/v2\/posts\/89024","targetHints":{"allow":["GET"]}}],"collection":[{"href":"https:\/\/linitiative.ca\/International\/wp-json\/wp\/v2\/posts"}],"about":[{"href":"https:\/\/linitiative.ca\/International\/wp-json\/wp\/v2\/types\/post"}],"author":[{"embeddable":true,"href":"https:\/\/linitiative.ca\/International\/wp-json\/wp\/v2\/users\/1775"}],"replies":[{"embeddable":true,"href":"https:\/\/linitiative.ca\/International\/wp-json\/wp\/v2\/comments?post=89024"}],"version-history":[{"count":0,"href":"https:\/\/linitiative.ca\/International\/wp-json\/wp\/v2\/posts\/89024\/revisions"}],"wp:attachment":[{"href":"https:\/\/linitiative.ca\/International\/wp-json\/wp\/v2\/media?parent=89024"}],"wp:term":[{"taxonomy":"category","embeddable":true,"href":"https:\/\/linitiative.ca\/International\/wp-json\/wp\/v2\/categories?post=89024"},{"taxonomy":"post_tag","embeddable":true,"href":"https:\/\/linitiative.ca\/International\/wp-json\/wp\/v2\/tags?post=89024"}],"curies":[{"name":"wp","href":"https:\/\/api.w.org\/{rel}","templated":true}]}}