{"id":89029,"date":"2020-06-15T09:53:00","date_gmt":"2020-06-15T13:53:00","guid":{"rendered":"https:\/\/linitiative.ca\/International\/report-de-la-presentation-de-boumala-pour-demain-perquisition-du-domicile-de-addad\/"},"modified":"2020-06-15T09:53:00","modified_gmt":"2020-06-15T13:53:00","slug":"report-de-la-presentation-de-boumala-pour-demain-perquisition-du-domicile-de-addad","status":"publish","type":"post","link":"https:\/\/linitiative.ca\/International\/report-de-la-presentation-de-boumala-pour-demain-perquisition-du-domicile-de-addad\/","title":{"rendered":"Report de la pr\u00e9sentation de Boumala pour demain, perquisition du domicile de Addad"},"content":{"rendered":"<div id=\"originalText\" readability=\"66\">\n<p>La pr\u00e9sentation de l\u2019activiste \u00a0Fodil Boumala, pr\u00e9vue aujourd\u2019hui, devant le procureur du tribunal de Dar El Beida est report\u00e9e pour demain, mardi 16 Juin, alors qu\u2019une perquisition du domicile du militant et ancien secr\u00e9taire g\u00e9n\u00e9ral de RAJ (Rassemblement-Action-Jeunesse), Hamik Addad, \u00e0 Alger-Centre, men\u00e9e par la gendarmerie nationale, est en cours, en sa pr\u00e9sence, selon le Comit\u00e9 national pour la lib\u00e9ration des d\u00e9tenus (CNLD).<\/p>\n<p>Pour rappel, les deux militants ont \u00e9t\u00e9 arr\u00eat\u00e9s, hier, \u00e0 Alger, par des agents en civil et conduits \u00e0 la brigade de recherches et d\u2019investigations de la gendarmerie national de Bab Jdid, o\u00f9 ils sont maintenus en garde \u00e0 vue.<\/p>\n<p>Fodil Boumala avait d\u00e9j\u00e0 \u00e9t\u00e9 arr\u00eat\u00e9 puis plac\u00e9 sous mand\u00e2t de d\u00e9p\u00f4t, en septembre 2019, dans le sillage du hirak,\u00a0avant d&rsquo;\u00eatre acquitt\u00e9 en mars 2020. Hakim Addad a \u00e9t\u00e9 arr\u00eat\u00e9 et plac\u00e9 sous mandat\u00a0 de d\u00e9p\u00f4t peu apr\u00e8s, en octobre 2019, \u00e0 Alger, avec quatre militants de RAJ, avant d&rsquo;\u00eatre remis en libert\u00e9 provisoire en janvier 2020.\u00a0\u00a0\u00a0<\/p>\n<p class=\"c6\"><strong>R\u00e9daction Web\u00a0<\/strong><\/p>\n<\/div>\n<div id=\"text_core\" readability=\"66\">\n<p>La pr\u00e9sentation de l\u2019activiste \u00a0Fodil Boumala, pr\u00e9vue aujourd\u2019hui, devant le procureur du tribunal de Dar El Beida est report\u00e9e pour demain, mardi 16 Juin, alors qu\u2019une perquisition du domicile du militant et ancien secr\u00e9taire g\u00e9n\u00e9ral de RAJ (Rassemblement-Action-Jeunesse), Hamik Addad, \u00e0 Alger-Centre, men\u00e9e par la gendarmerie nationale, est en cours, en sa pr\u00e9sence, selon le Comit\u00e9 national pour la lib\u00e9ration des d\u00e9tenus (CNLD).<\/p>\n<p>Pour rappel, les deux militants ont \u00e9t\u00e9 arr\u00eat\u00e9s, hier, \u00e0 Alger, par des agents en civil et conduits \u00e0 la brigade de recherches et d\u2019investigations de la gendarmerie national de Bab Jdid, o\u00f9 ils sont maintenus en garde \u00e0 vue.<\/p>\n<p>Fodil Boumala avait d\u00e9j\u00e0 \u00e9t\u00e9 arr\u00eat\u00e9 puis plac\u00e9 sous mand\u00e2t de d\u00e9p\u00f4t, en septembre 2019, dans le sillage du hirak,\u00a0avant d&rsquo;\u00eatre acquitt\u00e9 en mars 2020. Hakim Addad a \u00e9t\u00e9 arr\u00eat\u00e9 et plac\u00e9 sous mandat\u00a0 de d\u00e9p\u00f4t peu apr\u00e8s, en octobre 2019, \u00e0 Alger, avec quatre militants de RAJ, avant d&rsquo;\u00eatre remis en libert\u00e9 provisoire en janvier 2020.\u00a0\u00a0\u00a0<\/p>\n<p class=\"c6\"><strong>R\u00e9daction Web\u00a0<\/strong><\/p>\n<\/div>\n<p>Auteur:<br \/>\n<a href=\"https:\/\/www.liberte-algerie.com\/actualite\/report-de-la-presentation-de-boumala-pour-demain-perquisition-du-domicile-de-addad-340310\">Cliquez ici pour lire l&rsquo;article depuis sa source.<\/a><\/p>\n","protected":false},"excerpt":{"rendered":"<p>La pr\u00e9sentation de l\u2019activiste \u00a0Fodil Boumala, pr\u00e9vue aujourd\u2019hui, devant le procureur du tribunal de Dar El Beida est report\u00e9e pour demain, mardi 16 Juin, alors qu\u2019une perquisition du domicile du militant et ancien secr\u00e9taire g\u00e9n\u00e9ral de RAJ (Rassemblement-Action-Jeunesse), Hamik Addad, \u00e0 Alger-Centre, men\u00e9e par la gendarmerie nationale, est en cours, en sa pr\u00e9sence, selon le [&hellip;]<\/p>\n","protected":false},"author":1742,"featured_media":0,"comment_status":"closed","ping_status":"closed","sticky":false,"template":"","format":"standard","meta":{"fifu_image_url":"","fifu_image_alt":"","footnotes":""},"categories":[73,53],"tags":[],"class_list":["post-89029","post","type-post","status-publish","format-standard","hentry","category-actualite","category-algerie"],"_links":{"self":[{"href":"https:\/\/linitiative.ca\/International\/wp-json\/wp\/v2\/posts\/89029","targetHints":{"allow":["GET"]}}],"collection":[{"href":"https:\/\/linitiative.ca\/International\/wp-json\/wp\/v2\/posts"}],"about":[{"href":"https:\/\/linitiative.ca\/International\/wp-json\/wp\/v2\/types\/post"}],"author":[{"embeddable":true,"href":"https:\/\/linitiative.ca\/International\/wp-json\/wp\/v2\/users\/1742"}],"replies":[{"embeddable":true,"href":"https:\/\/linitiative.ca\/International\/wp-json\/wp\/v2\/comments?post=89029"}],"version-history":[{"count":0,"href":"https:\/\/linitiative.ca\/International\/wp-json\/wp\/v2\/posts\/89029\/revisions"}],"wp:attachment":[{"href":"https:\/\/linitiative.ca\/International\/wp-json\/wp\/v2\/media?parent=89029"}],"wp:term":[{"taxonomy":"category","embeddable":true,"href":"https:\/\/linitiative.ca\/International\/wp-json\/wp\/v2\/categories?post=89029"},{"taxonomy":"post_tag","embeddable":true,"href":"https:\/\/linitiative.ca\/International\/wp-json\/wp\/v2\/tags?post=89029"}],"curies":[{"name":"wp","href":"https:\/\/api.w.org\/{rel}","templated":true}]}}