{"id":89030,"date":"2020-06-15T10:01:00","date_gmt":"2020-06-15T14:01:00","guid":{"rendered":"https:\/\/linitiative.ca\/International\/la-rentree-scolaire-fixee-au-4-octobre\/"},"modified":"2020-06-15T10:01:00","modified_gmt":"2020-06-15T14:01:00","slug":"la-rentree-scolaire-fixee-au-4-octobre","status":"publish","type":"post","link":"https:\/\/linitiative.ca\/International\/la-rentree-scolaire-fixee-au-4-octobre\/","title":{"rendered":"La rentr\u00e9e scolaire fix\u00e9e au 4 octobre"},"content":{"rendered":"<div id=\"originalText\" readability=\"49\">\n<p>Le minist\u00e8re de l\u2019\u00e9ducation nationale a communiqu\u00e9, ce lundi, le calendrier des vacances scolaires 2019\/2020 ainsi que la date de la rentr\u00e9e scolaire de l\u2019ann\u00e9e 2020\/2021.<\/p>\n<p>Dans un communiqu\u00e9 rendu public sur sa page officielle, le minist\u00e8re a indiqu\u00e9 que \u00ab\u00a0le personnel administratif reprendra le 19 ao\u00fbt, tandis que les professeures d\u00e8s le 23 du m\u00eame mois et les \u00e9l\u00e8ves \u00e0 partir du 04 octobre 2020\u00a0\u00bb.<\/p>\n<p>Concernant les vacances scolaires, il a \u00e9t\u00e9 pr\u00e9cis\u00e9 que \u00ab\u00a0les vacances d\u2019\u00e9t\u00e9 d\u00e9buteront dans toutes les r\u00e9gions, \u00e0 partir du 09 juillet au soir, pour le personnel administratif\u00a0\u00bb qui devra garantir \u00ab la permanence au niveau des \u00e9tablissements d&rsquo;enseignement pendant les vacances d&rsquo;\u00e9t\u00e9\u00a0\u00bb.<\/p>\n<p class=\"c7\"><iframe loading=\"lazy\" allow=\"encrypted-media\" allowtransparency=\"true\" frameborder=\"0\" height=\"612\" scrolling=\"no\" src=\"https:\/\/www.facebook.com\/plugins\/post.php?href=https%3A%2F%2Fwww.facebook.com%2FEducationAlgerie%2Fphotos%2Fa.1559272680900636%2F1559272740900630%2F%3Ftype%3D3&amp;width=500\" class=\"c6\" width=\"500\">[embedded content]<\/iframe><\/p>\n<p class=\"c8\"><strong>S.B<\/strong><\/p>\n<\/div>\n<div id=\"text_core\" readability=\"49\">\n<p>Le minist\u00e8re de l\u2019\u00e9ducation nationale a communiqu\u00e9, ce lundi, le calendrier des vacances scolaires 2019\/2020 ainsi que la date de la rentr\u00e9e scolaire de l\u2019ann\u00e9e 2020\/2021.<\/p>\n<p>Dans un communiqu\u00e9 rendu public sur sa page officielle, le minist\u00e8re a indiqu\u00e9 que \u00ab\u00a0le personnel administratif reprendra le 19 ao\u00fbt, tandis que les professeures d\u00e8s le 23 du m\u00eame mois et les \u00e9l\u00e8ves \u00e0 partir du 04 octobre 2020\u00a0\u00bb.<\/p>\n<p>Concernant les vacances scolaires, il a \u00e9t\u00e9 pr\u00e9cis\u00e9 que \u00ab\u00a0les vacances d\u2019\u00e9t\u00e9 d\u00e9buteront dans toutes les r\u00e9gions, \u00e0 partir du 09 juillet au soir, pour le personnel administratif\u00a0\u00bb qui devra garantir \u00ab la permanence au niveau des \u00e9tablissements d&rsquo;enseignement pendant les vacances d&rsquo;\u00e9t\u00e9\u00a0\u00bb.<\/p>\n<p class=\"c7\"><iframe loading=\"lazy\" allow=\"encrypted-media\" allowtransparency=\"true\" frameborder=\"0\" height=\"612\" scrolling=\"no\" src=\"https:\/\/www.facebook.com\/plugins\/post.php?href=https%3A%2F%2Fwww.facebook.com%2FEducationAlgerie%2Fphotos%2Fa.1559272680900636%2F1559272740900630%2F%3Ftype%3D3&amp;width=500\" class=\"c6\" width=\"500\">[embedded content]<\/iframe><\/p>\n<p class=\"c8\"><strong>S.B<\/strong><\/p>\n<\/div>\n<p>Auteur:<br \/>\n<a href=\"https:\/\/www.liberte-algerie.com\/actualite\/la-rentree-scolaire-fixee-au-4-octobre-340309\">Cliquez ici pour lire l&rsquo;article depuis sa source.<\/a><\/p>\n","protected":false},"excerpt":{"rendered":"<p>Le minist\u00e8re de l\u2019\u00e9ducation nationale a communiqu\u00e9, ce lundi, le calendrier des vacances scolaires 2019\/2020 ainsi que la date de la rentr\u00e9e scolaire de l\u2019ann\u00e9e 2020\/2021. Dans un communiqu\u00e9 rendu public sur sa page officielle, le minist\u00e8re a indiqu\u00e9 que \u00ab\u00a0le personnel administratif reprendra le 19 ao\u00fbt, tandis que les professeures d\u00e8s le 23 du [&hellip;]<\/p>\n","protected":false},"author":1742,"featured_media":0,"comment_status":"closed","ping_status":"closed","sticky":false,"template":"","format":"standard","meta":{"fifu_image_url":"","fifu_image_alt":"","footnotes":""},"categories":[73,53],"tags":[],"class_list":["post-89030","post","type-post","status-publish","format-standard","hentry","category-actualite","category-algerie"],"_links":{"self":[{"href":"https:\/\/linitiative.ca\/International\/wp-json\/wp\/v2\/posts\/89030","targetHints":{"allow":["GET"]}}],"collection":[{"href":"https:\/\/linitiative.ca\/International\/wp-json\/wp\/v2\/posts"}],"about":[{"href":"https:\/\/linitiative.ca\/International\/wp-json\/wp\/v2\/types\/post"}],"author":[{"embeddable":true,"href":"https:\/\/linitiative.ca\/International\/wp-json\/wp\/v2\/users\/1742"}],"replies":[{"embeddable":true,"href":"https:\/\/linitiative.ca\/International\/wp-json\/wp\/v2\/comments?post=89030"}],"version-history":[{"count":0,"href":"https:\/\/linitiative.ca\/International\/wp-json\/wp\/v2\/posts\/89030\/revisions"}],"wp:attachment":[{"href":"https:\/\/linitiative.ca\/International\/wp-json\/wp\/v2\/media?parent=89030"}],"wp:term":[{"taxonomy":"category","embeddable":true,"href":"https:\/\/linitiative.ca\/International\/wp-json\/wp\/v2\/categories?post=89030"},{"taxonomy":"post_tag","embeddable":true,"href":"https:\/\/linitiative.ca\/International\/wp-json\/wp\/v2\/tags?post=89030"}],"curies":[{"name":"wp","href":"https:\/\/api.w.org\/{rel}","templated":true}]}}