{"id":89033,"date":"2020-06-15T07:09:15","date_gmt":"2020-06-15T11:09:15","guid":{"rendered":"https:\/\/linitiative.ca\/International\/organisation-dune-campagne-de-don-de-sang\/"},"modified":"2020-06-15T07:09:15","modified_gmt":"2020-06-15T11:09:15","slug":"organisation-dune-campagne-de-don-de-sang","status":"publish","type":"post","link":"https:\/\/linitiative.ca\/International\/organisation-dune-campagne-de-don-de-sang\/","title":{"rendered":"Organisation d\u2019une campagne de don de sang"},"content":{"rendered":"<div readability=\"38\">\n<p>Marrakech \u2013 Une campagne de don de sang a \u00e9t\u00e9 organis\u00e9e, dimanche, au centre r\u00e9gional de transfusion sanguine \u00e0 Marrakech, avec la participation d\u2019acteurs civils et associatifs pour pallier le d\u00e9ficit enregistr\u00e9 en cette mati\u00e8re vitale suite aux mesures de confinement sanitaire adopt\u00e9es pour la lutte contre la pand\u00e9mie du Covid-19.<\/p>\n<\/div>\n<div readability=\"79\">\n<p>Initi\u00e9e par l\u2019association \u00ab\u00a0Annnakhil pour les donneurs de sang\u00a0\u00bb et l\u2019association \u00ab\u00a0Initiative des jeunes du Maroc\u00a0\u00bb en partenariat avec le centre r\u00e9gional de transfusion sanguine dans la cit\u00e9 ocre, cette action humanitaire a connu une forte mobilisation de la part des donneurs et des acteurs associatifs ayant encadr\u00e9 cette op\u00e9ration, en se conformant aux mesures pr\u00e9conis\u00e9es sur les plans sanitaire (st\u00e9rilisation et port des masques de protection) et organisationnel (respect de la distance de s\u00e9curit\u00e9) pour \u00e9viter la propagation de la pand\u00e9mie.<\/p>\n<p>Dans une d\u00e9claration \u00e0 la MAP, le responsable des caravanes de sensibilisation au don de sang au sein du centre r\u00e9gional de transfusion sanguine, Mahmoud Abrache, a indiqu\u00e9 que cette action, qui a permis la collecte de 88 sachets de sang, s\u2019inscrit dans le cadre des campagnes ordinaires que ledit centre organise en vue de sensibiliser au don de cette mati\u00e8re vitale.<\/p>\n<p>Cette initiative, a-t-il pr\u00e9cis\u00e9, a \u00e9t\u00e9 pr\u00e9c\u00e9d\u00e9e d\u2019une large campagne m\u00e9diatique sur les r\u00e9seaux sociaux et de la production de spots de sensibilisation, tout en annon\u00e7ant l\u2019organisation prochaine d\u2019op\u00e9rations similaires.<\/p>\n<p>Apr\u00e8s avoir rappel\u00e9 que les portes du centre sont ouvertes tout au long de la semaine (de 09H00 \u00e0 17H00) devant les personnes d\u00e9sirant faire don de leur sang, le responsable a appel\u00e9 les citoyens, les associations et les \u00e9tablissements publics et priv\u00e9s, \u00e0 adh\u00e9rer \u00e0 ces campagnes qui contribuent \u00e0 sauver des vies humaines.<\/p>\n<p>L\u2019organisation de cette campagne a co\u00efncid\u00e9 avec la c\u00e9l\u00e9bration, le 14 juin, de la Journ\u00e9e mondiale du donneur de sang.<\/p>\n<p>Cette ann\u00e9e, la campagne de la Journ\u00e9e mondiale du donneur de sang avait pour th\u00e8me \u00ab\u00a0Du sang s\u00e9curis\u00e9 pour sauver des vies\u00a0\u00bb, avec le slogan \u00ab\u00a0Donner son sang pour am\u00e9liorer la sant\u00e9 dans le monde\u00a0\u00bb.<\/p>\n<p>L\u2019id\u00e9e est de mettre l\u2019accent sur la contribution qu\u2019un donneur individuel peut apporter pour am\u00e9liorer la sant\u00e9 des autres membres de la communaut\u00e9, sachant que les dons de sang sont n\u00e9cessaires partout dans le monde pour que les individus et les communaut\u00e9s aient acc\u00e8s \u00e0 cette mati\u00e8re vitale et \u00e0 des produits sanguins s\u00e9curis\u00e9s et de qualit\u00e9 tant dans des situations normales que dans des situations d\u2019urgence.<\/p>\n<\/div>\n<p>Auteur: Meriem IGASS<br \/>\n<a href=\"http:\/\/www.mapmarrakech.ma\/fr\/organisation-dune-campagne-de-don-de-sang\/\">Cliquez ici pour lire l&rsquo;article depuis sa source.<\/a><\/p>\n","protected":false},"excerpt":{"rendered":"<p>Marrakech \u2013 Une campagne de don de sang a \u00e9t\u00e9 organis\u00e9e, dimanche, au centre r\u00e9gional de transfusion sanguine \u00e0 Marrakech, avec la participation d\u2019acteurs civils et associatifs pour pallier le d\u00e9ficit enregistr\u00e9 en cette mati\u00e8re vitale suite aux mesures de confinement sanitaire adopt\u00e9es pour la lutte contre la pand\u00e9mie du Covid-19. Initi\u00e9e par l\u2019association \u00ab\u00a0Annnakhil [&hellip;]<\/p>\n","protected":false},"author":1788,"featured_media":0,"comment_status":"closed","ping_status":"closed","sticky":false,"template":"","format":"standard","meta":{"fifu_image_url":"","fifu_image_alt":"","footnotes":""},"categories":[54,76],"tags":[],"class_list":["post-89033","post","type-post","status-publish","format-standard","hentry","category-maroc","category-regions"],"_links":{"self":[{"href":"https:\/\/linitiative.ca\/International\/wp-json\/wp\/v2\/posts\/89033","targetHints":{"allow":["GET"]}}],"collection":[{"href":"https:\/\/linitiative.ca\/International\/wp-json\/wp\/v2\/posts"}],"about":[{"href":"https:\/\/linitiative.ca\/International\/wp-json\/wp\/v2\/types\/post"}],"author":[{"embeddable":true,"href":"https:\/\/linitiative.ca\/International\/wp-json\/wp\/v2\/users\/1788"}],"replies":[{"embeddable":true,"href":"https:\/\/linitiative.ca\/International\/wp-json\/wp\/v2\/comments?post=89033"}],"version-history":[{"count":0,"href":"https:\/\/linitiative.ca\/International\/wp-json\/wp\/v2\/posts\/89033\/revisions"}],"wp:attachment":[{"href":"https:\/\/linitiative.ca\/International\/wp-json\/wp\/v2\/media?parent=89033"}],"wp:term":[{"taxonomy":"category","embeddable":true,"href":"https:\/\/linitiative.ca\/International\/wp-json\/wp\/v2\/categories?post=89033"},{"taxonomy":"post_tag","embeddable":true,"href":"https:\/\/linitiative.ca\/International\/wp-json\/wp\/v2\/tags?post=89033"}],"curies":[{"name":"wp","href":"https:\/\/api.w.org\/{rel}","templated":true}]}}