{"id":89040,"date":"2020-06-15T10:36:16","date_gmt":"2020-06-15T14:36:16","guid":{"rendered":"https:\/\/linitiative.ca\/International\/tindouf-cheptel-quelque-94-500-tetes-vaccinees-contre-la-peste-des-petits-ruminants\/"},"modified":"2020-06-15T10:36:16","modified_gmt":"2020-06-15T14:36:16","slug":"tindouf-cheptel-quelque-94-500-tetes-vaccinees-contre-la-peste-des-petits-ruminants","status":"publish","type":"post","link":"https:\/\/linitiative.ca\/International\/tindouf-cheptel-quelque-94-500-tetes-vaccinees-contre-la-peste-des-petits-ruminants\/","title":{"rendered":"Tindouf\/cheptel : quelque 94 500 t\u00eates vaccin\u00e9es contre la peste des petits ruminants"},"content":{"rendered":"<div readability=\"35\">\n<p><strong>TINDOUF- Quelque 94.500 t\u00eates du cheptel ont \u00e9t\u00e9 vaccin\u00e9es contre la peste des petits ruminants (PPR) \u00e0 travers la wilaya de Tindouf, a-t-on appris lundi aupr\u00e8s de l&rsquo;inspection v\u00e9t\u00e9rinaire de la wilaya.<\/strong><\/p>\n<\/div>\n<div readability=\"71\">\n<p>Pour les besoins de cette campagne de vaccination, qui s&rsquo;est \u00e9tal\u00e9e du 15 janvier au 15 mai de l&rsquo;ann\u00e9e en cours et touche les ovins et les caprins, la wilaya a b\u00e9n\u00e9fici\u00e9 de 100.000 doses de vaccins, dont 5.000 ont \u00e9t\u00e9 laiss\u00e9s comme stock de r\u00e9serve en cas d&rsquo;apparition de nouveaux cas suspects, a affirm\u00e9 l&rsquo;inspecteur v\u00e9t\u00e9rinaire, Chakour Djeltia.<\/p>\n<p>Toutes les dispositions ont \u00e9t\u00e9 prises afin de permettre aux \u00e9leveurs de vacciner leur cheptel, sachant que des cas de la maladie ont \u00e9t\u00e9 d\u00e9cel\u00e9s sur les b\u00eates de 16 \u00e9leveurs, a-t-il pr\u00e9cis\u00e9.<\/p>\n<blockquote readability=\"11\">\n<p><em><strong>\u00a0Les analyses en laboratoire \u00e0 Alger sur des \u00e9chantillons de pr\u00e9l\u00e8vements sanguins effectu\u00e9s en janvier dernier sur le cheptel de certains \u00e9leveurs de la wilaya de Tindouf, se sont av\u00e9r\u00e9es positives,\u00a0confirmant 46 cas d&rsquo;atteinte de la PPR et d\u00e9clenchant aussit\u00f4t une op\u00e9ration de vaccination de l&rsquo;ensemble du cheptel de la wilaya, a fait savoir M.Djeltia.<\/strong><\/em><\/p>\n<\/blockquote>\n<p>\u00a0La campagne a touch\u00e9 les neuf zones pastorales recens\u00e9es sur le territoire de la wilaya de Tindouf ainsi que les exploitations agricoles, pour assurer une large couverture de la r\u00e9gion en mati\u00e8re de sant\u00e9 animale, a-t-il poursuivi, signalant qu&rsquo;il a \u00e9t\u00e9 ensuite proc\u00e9d\u00e9 \u00e0 l&rsquo;identification du cheptel, l&rsquo;abattage sanitaire des b\u00eates atteintes et l&rsquo;indemnisation des \u00e9leveurs affect\u00e9s.<\/p>\n<p>Des rencontres de coordination, en pr\u00e9sence des \u00e9leveurs, avaient \u00e9t\u00e9 pr\u00e9alablement organis\u00e9es pour faire un large \u00e9tat des lieux, organiser la vaccination, et donner des instructions afin d&rsquo;\u00e9viter le d\u00e9placement du cheptel vers les zones frontali\u00e8res, en vue de pr\u00e9server la sant\u00e9 des \u00e9leveurs et de leurs cheptels, en plus de mettre en place des brigades mixtes avec les r\u00e9fugi\u00e9s sahraouis aux fins d&rsquo;entreprendre des op\u00e9rations de vaccination similaires, selon la m\u00eame source.<\/p>\n<\/div>\n<p>Auteur:<br \/>\n<a href=\"http:\/\/www.aps.dz\/regions\/106212-tindouf-cheptel-quelque-94-500-tetes-vaccinees-contre-la-peste-des-petits-ruminants\">Cliquez ici pour lire l&rsquo;article depuis sa source.<\/a><\/p>\n","protected":false},"excerpt":{"rendered":"<p>TINDOUF- Quelque 94.500 t\u00eates du cheptel ont \u00e9t\u00e9 vaccin\u00e9es contre la peste des petits ruminants (PPR) \u00e0 travers la wilaya de Tindouf, a-t-on appris lundi aupr\u00e8s de l&rsquo;inspection v\u00e9t\u00e9rinaire de la wilaya. Pour les besoins de cette campagne de vaccination, qui s&rsquo;est \u00e9tal\u00e9e du 15 janvier au 15 mai de l&rsquo;ann\u00e9e en cours et touche [&hellip;]<\/p>\n","protected":false},"author":1790,"featured_media":0,"comment_status":"closed","ping_status":"closed","sticky":false,"template":"","format":"standard","meta":{"fifu_image_url":"","fifu_image_alt":"","footnotes":""},"categories":[53,76],"tags":[],"class_list":["post-89040","post","type-post","status-publish","format-standard","hentry","category-algerie","category-regions"],"_links":{"self":[{"href":"https:\/\/linitiative.ca\/International\/wp-json\/wp\/v2\/posts\/89040","targetHints":{"allow":["GET"]}}],"collection":[{"href":"https:\/\/linitiative.ca\/International\/wp-json\/wp\/v2\/posts"}],"about":[{"href":"https:\/\/linitiative.ca\/International\/wp-json\/wp\/v2\/types\/post"}],"author":[{"embeddable":true,"href":"https:\/\/linitiative.ca\/International\/wp-json\/wp\/v2\/users\/1790"}],"replies":[{"embeddable":true,"href":"https:\/\/linitiative.ca\/International\/wp-json\/wp\/v2\/comments?post=89040"}],"version-history":[{"count":0,"href":"https:\/\/linitiative.ca\/International\/wp-json\/wp\/v2\/posts\/89040\/revisions"}],"wp:attachment":[{"href":"https:\/\/linitiative.ca\/International\/wp-json\/wp\/v2\/media?parent=89040"}],"wp:term":[{"taxonomy":"category","embeddable":true,"href":"https:\/\/linitiative.ca\/International\/wp-json\/wp\/v2\/categories?post=89040"},{"taxonomy":"post_tag","embeddable":true,"href":"https:\/\/linitiative.ca\/International\/wp-json\/wp\/v2\/tags?post=89040"}],"curies":[{"name":"wp","href":"https:\/\/api.w.org\/{rel}","templated":true}]}}