{"id":89043,"date":"2020-06-15T10:50:10","date_gmt":"2020-06-15T14:50:10","guid":{"rendered":"https:\/\/linitiative.ca\/International\/le-dispositif-de-lutte-contre-les-incendies-de-forets-operationnel-a-medea\/"},"modified":"2020-06-15T10:50:10","modified_gmt":"2020-06-15T14:50:10","slug":"le-dispositif-de-lutte-contre-les-incendies-de-forets-operationnel-a-medea","status":"publish","type":"post","link":"https:\/\/linitiative.ca\/International\/le-dispositif-de-lutte-contre-les-incendies-de-forets-operationnel-a-medea\/","title":{"rendered":"Le dispositif de lutte contre les incendies de for\u00eats op\u00e9rationnel \u00e0 M\u00e9d\u00e9a"},"content":{"rendered":"<div readability=\"38\">\n<p><strong>MEDEA &#8211; Un dispositif de lutte contre les incendies de for\u00eats est op\u00e9rationnel depuis quelques jours dans l\u2019ensemble des massifs forestiers de la wilaya de M\u00e9d\u00e9a o\u00f9 d\u2019importants moyens, humains et logistiques, ont \u00e9t\u00e9 mobilis\u00e9s pour parer \u00e0 d\u2019\u00e9ventuels d\u00e9parts de feu, a-t-on appris lundi aupr\u00e8s de la conservation locale des for\u00eats.<\/strong><\/p>\n<\/div>\n<div readability=\"102.57994814175\">\n<p>Activ\u00e9, d\u00e9but juin, ce dispositif devrait permettre de r\u00e9duire les d\u00e9g\u00e2ts enregistr\u00e9s chaque \u00e9t\u00e9 et limiter ainsi l\u2019impact des incendies sur le patrimoine forestier local\u00a0\u00bb qui perd, en raison de ce ph\u00e9nom\u00e8ne, des parcelles importantes de plantations sylvicoles et de couvert v\u00e9g\u00e9tal, dont \u00ab\u00a0le remplacement et le repeuplement demande beaucoup de moyens et de temps\u00a0\u00bb, a expliqu\u00e9 Ahmed Salem, chef du service de protection du patrimoine forestier.<\/p>\n<blockquote readability=\"12\">\n<p><em><strong>Dans un souci d\u2019efficacit\u00e9, le plan d\u2019intervention, outil indispensable \u00e0 la planification et l\u2019organisation des actions sur les sites d\u2019incendie, \u00ab\u00a0est actualis\u00e9 r\u00e9guli\u00e8rement de sorte \u00e0 corriger certaines imperfections et apporter des solutions \u00e0 des probl\u00e8mes ou contraintes rencontr\u00e9s auparavant sur le terrain\u00a0\u00bb, a-t-il indiqu\u00e9.<\/strong><\/em><\/p>\n<\/blockquote>\n<p>L&rsquo;effort entrepris, dans ce sens, par la conservation locale des for\u00eats s\u2019est traduit par une \u00ab\u00a0meilleure ma\u00eetrise\u00a0\u00bb des sinistres au cours des derni\u00e8res ann\u00e9es et une \u00ab\u00a0r\u00e9duction significative\u00a0\u00bb des pertes, a fait savoir Ahmed Salem, tout en pr\u00e9cisant que des \u00ab\u00a0facteurs exog\u00e8nes, comme la canicule et le relief, peuvent parfois contrecarrer cet effort est aboutir \u00e0 un autre r\u00e9sultat.\u00a0\u00bb<\/p>\n<p>Le bilan des pertes subies, entre 2017 et 2019, donne un aper\u00e7u sur l\u2019\u00e9volution de la situation sur le front de la lutte contre les incendies de forets o\u00f9 une fluctuation est observ\u00e9e d\u2019une ann\u00e9e \u00e0 une autre et ce, malgr\u00e9 les efforts d\u00e9ploy\u00e9s.\u00a0\u00bb<\/p>\n<blockquote readability=\"18\">\n<p><em><strong>Le secteur des for\u00eats avait enregistr\u00e9, en 2017, la destruction de 2263 hectares, pour un total de 183 incendies, alors que les d\u00e9g\u00e2ts occasionn\u00e9s au patrimoine forestier local, en 2018, \u00ab\u00a0ont r\u00e9gress\u00e9 de fa\u00e7on notable\u00a0\u00bb pour se situer \u00e0 343 hectares, pour 71 incendies, avant de \u00ab\u00a0rebondir\u00a0\u00bb \u00e0 939 hectares en 2019, le nombre des incendies ayant doubl\u00e9 durant cette m\u00eame ann\u00e9e pour atteindre 165 incendies, selon ce responsable.<\/strong><\/em><\/p>\n<\/blockquote>\n<p>Le pr\u00e9sent dispositif de lutte anti incendie est appel\u00e9 \u00e0 \u00ab\u00a0limiter encore davantage\u00a0\u00bb les pertes et \u00ab\u00a0mieux prot\u00e9ger\u00a0\u00bb le patrimoine forestier local, en tirant profit des exp\u00e9riences pass\u00e9es et \u00ab\u00a0l\u2019optimisation\u00a0\u00bb des moyens mobilis\u00e9s, a indiqu\u00e9 Ahmed Salem, assurant que le plan d\u2019intervention pour l\u2019ann\u00e9e 2020 \u00e0 pr\u00e9vu 24 unit\u00e9s mobiles, \u00e9quip\u00e9es de moyens l\u00e9gers d\u2019intervention, la r\u00e9quisition de 163 agents forestiers qui viendront appuyer, en cas de n\u00e9cessit\u00e9, l\u2019effectif des unit\u00e9s mobiles, l\u2019ouverture de 22 points de vigie, destin\u00e9s \u00e0 la surveillance des for\u00eats et \u00e0 donner l\u2019alerte, la mobilisation \u00e9galement de 44 engins et v\u00e9hicules d\u2019intervention.<\/p>\n<hr\/>\n<h3 class=\"catItemTitle\">Lire aussi:\u00a0<a href=\"\/proxy\/3834dab2\/http\/www.aps.dz\/regions\/106172-plusieurs-hectares-de-recolte-perdus-dans-des-incendies-en-48-heures-a-medea\">Plusieurs hectares de r\u00e9colte perdus dans des incendies en 48 heures \u00e0 M\u00e9d\u00e9a<\/a><\/h3>\n<hr\/>\n<p>Des renforts suppl\u00e9mentaires issus de la protection civile et des collectivit\u00e9s locales, notamment, peuvent \u00eatre mis \u00e0 contribution dans les op\u00e9rations de lutte anti-incendie, si les moyens du secteur des for\u00eats s\u2019av\u00e8rent insuffisants, a indiqu\u00e9 ce responsable.<\/p>\n<blockquote readability=\"9\">\n<p><em><strong>En plus de la colonne mobile de la protection civile qui compte 73 \u00e9l\u00e9ments, un effectif de 433 agents et officiers de la protection civile sera int\u00e9gr\u00e9 aux op\u00e9rations de lutte anti-incendie, avec toute la logistique n\u00e9cessaire.<\/strong><\/em><\/p>\n<\/blockquote>\n<p>Le secteur des for\u00eats peut compter \u00e9galement sur l\u2019apport des collectivit\u00e9s locales et des entreprises de r\u00e9alisation, partenaires incontournables dans cette lutte qui se sont engag\u00e9s, d\u2019apr\u00e8s Ahmed Salem, a mobilis\u00e9 plus de 500 agents et des dizaines d\u2019engins.<\/p>\n<\/div>\n<p>Auteur:<br \/>\n<a href=\"http:\/\/www.aps.dz\/regions\/106217-le-dispositif-de-lutte-contre-les-incendies-de-forets-operationnel-a-medea\">Cliquez ici pour lire l&rsquo;article depuis sa source.<\/a><\/p>\n","protected":false},"excerpt":{"rendered":"<p>MEDEA &#8211; Un dispositif de lutte contre les incendies de for\u00eats est op\u00e9rationnel depuis quelques jours dans l\u2019ensemble des massifs forestiers de la wilaya de M\u00e9d\u00e9a o\u00f9 d\u2019importants moyens, humains et logistiques, ont \u00e9t\u00e9 mobilis\u00e9s pour parer \u00e0 d\u2019\u00e9ventuels d\u00e9parts de feu, a-t-on appris lundi aupr\u00e8s de la conservation locale des for\u00eats. Activ\u00e9, d\u00e9but juin, [&hellip;]<\/p>\n","protected":false},"author":1790,"featured_media":0,"comment_status":"closed","ping_status":"closed","sticky":false,"template":"","format":"standard","meta":{"fifu_image_url":"","fifu_image_alt":"","footnotes":""},"categories":[53,76],"tags":[],"class_list":["post-89043","post","type-post","status-publish","format-standard","hentry","category-algerie","category-regions"],"_links":{"self":[{"href":"https:\/\/linitiative.ca\/International\/wp-json\/wp\/v2\/posts\/89043","targetHints":{"allow":["GET"]}}],"collection":[{"href":"https:\/\/linitiative.ca\/International\/wp-json\/wp\/v2\/posts"}],"about":[{"href":"https:\/\/linitiative.ca\/International\/wp-json\/wp\/v2\/types\/post"}],"author":[{"embeddable":true,"href":"https:\/\/linitiative.ca\/International\/wp-json\/wp\/v2\/users\/1790"}],"replies":[{"embeddable":true,"href":"https:\/\/linitiative.ca\/International\/wp-json\/wp\/v2\/comments?post=89043"}],"version-history":[{"count":0,"href":"https:\/\/linitiative.ca\/International\/wp-json\/wp\/v2\/posts\/89043\/revisions"}],"wp:attachment":[{"href":"https:\/\/linitiative.ca\/International\/wp-json\/wp\/v2\/media?parent=89043"}],"wp:term":[{"taxonomy":"category","embeddable":true,"href":"https:\/\/linitiative.ca\/International\/wp-json\/wp\/v2\/categories?post=89043"},{"taxonomy":"post_tag","embeddable":true,"href":"https:\/\/linitiative.ca\/International\/wp-json\/wp\/v2\/tags?post=89043"}],"curies":[{"name":"wp","href":"https:\/\/api.w.org\/{rel}","templated":true}]}}