{"id":89044,"date":"2020-06-15T11:22:29","date_gmt":"2020-06-15T15:22:29","guid":{"rendered":"https:\/\/linitiative.ca\/International\/ouargla-plus-de-1500-operateurs-dans-le-secteur-des-transports-beneficient-de-lallocation-de-solidarite\/"},"modified":"2020-06-15T11:22:29","modified_gmt":"2020-06-15T15:22:29","slug":"ouargla-plus-de-1500-operateurs-dans-le-secteur-des-transports-beneficient-de-lallocation-de-solidarite","status":"publish","type":"post","link":"https:\/\/linitiative.ca\/International\/ouargla-plus-de-1500-operateurs-dans-le-secteur-des-transports-beneficient-de-lallocation-de-solidarite\/","title":{"rendered":"Ouargla: plus de 1500 op\u00e9rateurs dans le secteur des transports b\u00e9n\u00e9ficient de l\u2019allocation de solidarit\u00e9"},"content":{"rendered":"<div>\n<div class=\"K2FeedIntroText\">\n<p><strong>OUARGLA- Pas moins de 1.506 op&eacute;rateurs dans le secteur des transports dans la wilaya d&rsquo;Ouargla ont b&eacute;n&eacute;fici&eacute; de l&rsquo;allocation de solidarit&eacute; de 10.000 DA, accord&eacute;e par l&rsquo;Etat dans le cadre du soutien aux&nbsp;transporteurs soumis au confinement instaur&eacute; au titre des mesures pr&eacute;ventives contre la pand&eacute;mie du Covid-19, a-t-on appris lundi aupr&egrave;s de la direction des Transports de la wilaya.<\/strong><\/p>\n<\/div>\n<div class=\"K2FeedFullText\">\n<p>&nbsp;Faisant partie d&rsquo;un effectif global de plus de 1.800 op&eacute;rateurs, entre chauffeurs de taxis individuels, collectifs et de transport en commun et propri&eacute;taires d&rsquo;auto-&eacute;coles, &eacute;ligibles &agrave; l&rsquo;aide financi&egrave;re &agrave; travers la<\/p>\n<p>wilaya d&rsquo;Ouargla, les b&eacute;n&eacute;ficiaires, ayant suspendu leurs activit&eacute;s depuis l&rsquo;instauration du confinement, avaient proc&eacute;d&eacute; depuis le mois de mai dernier au d&eacute;p&ocirc;t des formulaires d&rsquo;indemnisation, a expliqu&eacute; le directeur des Transports, Tewfik Djeddi.<\/p>\n<p>&nbsp;La seconde phase de l&rsquo;op&eacute;ration d&rsquo;octroi de l&rsquo;allocation a d&eacute;but&eacute; et concerne actuellement quelques 300 autres op&eacute;rateurs ayant accus&eacute; un retard dans le d&eacute;p&ocirc;t de leurs dossiers dans les d&eacute;lais impartis, a pr&eacute;cis&eacute; le&nbsp; responsable.<\/p>\n<p>&nbsp;Selon M. Djeddi, les taxis, qui reprennent aujourd&rsquo;hui leurs activit&eacute;s, sont contraints &agrave; des mesures pr&eacute;ventives pour la protection des clients et de la sant&eacute; publique en g&eacute;n&eacute;ral.<\/p>\n<p>Outre les multiples proc&eacute;dures de pr&eacute;vention prises actuellement pour ce qui concerne les transports en commun, les bus notamment, en vue de la reprise imminente de leurs activit&eacute;s, il est fait &eacute;tat de la mise en &oelig;uvre de mesures pr&eacute;ventives au niveau du tramway d&rsquo;Ouargla en pr&eacute;vision de sa remise en service &eacute;galement.<\/p>\n<p>&nbsp;La distanciation sociale, le port de bavettes de protection, l&rsquo;a&eacute;ration des rames et le marquage des si&egrave;ges et des lieux pour &eacute;viter le contact physique, font partie des mesures prises par l&rsquo;entreprise du<\/p>\n<p>tramway.<\/p>\n<\/div>\n<\/div>\n<p>Auteur:<br \/>\n<a href=\"http:\/\/www.aps.dz\/regions\/106218-ouargla-plus-de-1500-operateurs-dans-le-secteur-des-transports-beneficient-de-l-allocation-de-solidarite\">Cliquez ici pour lire l&rsquo;article depuis sa source.<\/a><\/p>\n","protected":false},"excerpt":{"rendered":"<p>OUARGLA- Pas moins de 1.506 op&eacute;rateurs dans le secteur des transports dans la wilaya d&rsquo;Ouargla ont b&eacute;n&eacute;fici&eacute; de l&rsquo;allocation de solidarit&eacute; de 10.000 DA, accord&eacute;e par l&rsquo;Etat dans le cadre du soutien aux&nbsp;transporteurs soumis au confinement instaur&eacute; au titre des mesures pr&eacute;ventives contre la pand&eacute;mie du Covid-19, a-t-on appris lundi aupr&egrave;s de la direction des [&hellip;]<\/p>\n","protected":false},"author":1790,"featured_media":0,"comment_status":"closed","ping_status":"closed","sticky":false,"template":"","format":"standard","meta":{"fifu_image_url":"","fifu_image_alt":"","footnotes":""},"categories":[53,76],"tags":[],"class_list":["post-89044","post","type-post","status-publish","format-standard","hentry","category-algerie","category-regions"],"_links":{"self":[{"href":"https:\/\/linitiative.ca\/International\/wp-json\/wp\/v2\/posts\/89044","targetHints":{"allow":["GET"]}}],"collection":[{"href":"https:\/\/linitiative.ca\/International\/wp-json\/wp\/v2\/posts"}],"about":[{"href":"https:\/\/linitiative.ca\/International\/wp-json\/wp\/v2\/types\/post"}],"author":[{"embeddable":true,"href":"https:\/\/linitiative.ca\/International\/wp-json\/wp\/v2\/users\/1790"}],"replies":[{"embeddable":true,"href":"https:\/\/linitiative.ca\/International\/wp-json\/wp\/v2\/comments?post=89044"}],"version-history":[{"count":0,"href":"https:\/\/linitiative.ca\/International\/wp-json\/wp\/v2\/posts\/89044\/revisions"}],"wp:attachment":[{"href":"https:\/\/linitiative.ca\/International\/wp-json\/wp\/v2\/media?parent=89044"}],"wp:term":[{"taxonomy":"category","embeddable":true,"href":"https:\/\/linitiative.ca\/International\/wp-json\/wp\/v2\/categories?post=89044"},{"taxonomy":"post_tag","embeddable":true,"href":"https:\/\/linitiative.ca\/International\/wp-json\/wp\/v2\/tags?post=89044"}],"curies":[{"name":"wp","href":"https:\/\/api.w.org\/{rel}","templated":true}]}}