{"id":89045,"date":"2020-06-15T13:00:28","date_gmt":"2020-06-15T17:00:28","guid":{"rendered":"https:\/\/linitiative.ca\/International\/bouira-campagne-nationale-de-prevention-et-de-lutte-contre-les-incendies-de-forets\/"},"modified":"2020-06-15T13:00:28","modified_gmt":"2020-06-15T17:00:28","slug":"bouira-campagne-nationale-de-prevention-et-de-lutte-contre-les-incendies-de-forets","status":"publish","type":"post","link":"https:\/\/linitiative.ca\/International\/bouira-campagne-nationale-de-prevention-et-de-lutte-contre-les-incendies-de-forets\/","title":{"rendered":"Bouira: campagne nationale de pr\u00e9vention et de lutte contre les incendies de for\u00eats"},"content":{"rendered":"<div readability=\"36\">\n<p><strong>BOUIRA &#8211; Une campagne nationale de pr\u00e9vention et de lutte contre les incendies de for\u00eats a \u00e9t\u00e9 lanc\u00e9e lundi par le directeur g\u00e9n\u00e9ral de la Protection civile (DGPC), le colonel Boualem Boughlef, \u00e0 Bouira.<\/strong><\/p>\n<\/div>\n<div readability=\"100.84849286092\">\n<p>Dans un point de presse tenu en marge du coup d\u2019envoi de cette campagne, le colonel Boughlef a expliqu\u00e9 qu\u2019il s\u2019agit d\u2019une op\u00e9ration qui s\u2019inscrit dans le cadre du programme annuel d\u2019action en mati\u00e8re de pr\u00e9vention et de sensibilisation sur les risques des incendies de for\u00eats notamment dans les wilayas \u00e0 vocation foresti\u00e8re.<\/p>\n<p>\u00ab\u00a0Nous avons choisi Bouira pour lancer cette campagne ainsi qu\u2019une man\u0153uvre de simulation d\u2019un incendie en raison de l\u2019importance du couvert v\u00e9g\u00e9tal dont jouit cette wilaya du centre. C\u2019est une occasion pour donner aussi des conseils et sensibiliser les habitants des r\u00e9gions foresti\u00e8res ainsi que les agriculteurs pour qu\u2019ils soient vigilants notamment en cette p\u00e9riode estivale\u00a0\u00bb, a d\u00e9clar\u00e9 le DGPC \u00e0 la presse.<\/p>\n<blockquote readability=\"9\">\n<p><em><strong>Plusieurs exercices virtuels et de simulation d\u2019incendies sont au\u00a0 programme de cette campagne nationale, deuxi\u00e8me du genre apr\u00e8s celle lanc\u00e9e la semaine derni\u00e8re \u00e0 Tiaret, dont l\u2019objectif \u00e9tait de sensibiliser sur les dangers des incendies de r\u00e9coltes c\u00e9r\u00e9ali\u00e8res.<\/strong><\/em><\/p>\n<\/blockquote>\n<p>Selon les d\u00e9tails fournis sur place par les responsables de la protection civile, ces exercices ont un aspect pratique et ils sont ax\u00e9s sur les techniques et m\u00e9thodes op\u00e9rationnelles de lutte contre les incendies de for\u00eats avec la participation des \u00e9quipes sp\u00e9cialis\u00e9es au sol (colonnes mobiles), et les moyens de lutte a\u00e9riens.<\/p>\n<p>\u00ab\u00a0Nous avons \u00e9galement une troisi\u00e8me campagne pour la pr\u00e9vention et la protection des palmeraies. Elle sera lanc\u00e9e au courant de la semaine prochaine\u00a0\u00bb, a indiqu\u00e9 le colonel Boughlef.<\/p>\n<blockquote readability=\"9\">\n<p><em><strong>Le m\u00eame responsable, qui supervisait les \u00e9quipes participantes \u00e0 la man\u0153uvre de simulation lanc\u00e9e dans la for\u00eat de Tikboucht, a tenu \u00e0 assurer que tous les moyens humains et mat\u00e9riels sont disponibles pour toutes les wilayas afin de lutter contre les incendies.<\/strong><\/em><\/p>\n<\/blockquote>\n<p>Les colonnes mobiles de quatre wilayas \u00e0 savoir, Bouira, M\u00e9d\u00e9a, Alger et Boumerd\u00e8s, ont \u00e9t\u00e9 d\u00e9ploy\u00e9es pour participer \u00e0 la man\u0153uvre de Tikboucht.<\/p>\n<p>\u00ab\u00a0L\u2019unit\u00e9 d\u2019intervention de la protection civile de Haizer, ainsi que l\u2019unit\u00e9 centrale de Bouira et l\u2019unit\u00e9 nationale d\u2019instruction et d\u2019intervention de Dar El Beida (Alger) sont en action sur le terrain aussi\u00a0\u00bb, a expliqu\u00e9 le colonel Achour Farouk, directeur de la communication et des statistiques \u00e0 la DGPC.<\/p>\n<hr\/>\n<h4 class=\"allmode-title\">Lire aussi:\u00a0<a href=\"\/proxy\/3834dab2\/http\/www.aps.dz\/regions\/106217-le-dispositif-de-lutte-contre-les-incendies-de-forets-operationnel-a-medea\">Le dispositif de lutte contre les incendies de for\u00eats op\u00e9rationnel \u00e0 M\u00e9d\u00e9a<\/a><\/h4>\n<hr\/>\n<p>Deux h\u00e9licopt\u00e8res ont aussi \u00e9t\u00e9 mobilis\u00e9s dans cet exercice pour soutenir les colonnes dans l\u2019extinction des feux dans la for\u00eat inaccessible de Tikboucht, dont toute la population du village limitrophe est menac\u00e9e par les flammes.<\/p>\n<p>\u00ab\u00a0Cet exercice a pour objectif d\u2019\u00e9valuer la r\u00e9ponse des colonnes mobiles et renforcer les moyens locaux. Ca nous permet \u00e9galement de tester les pr\u00e9-requis th\u00e9oriques des stagiaires (100 officiers form\u00e9s) dans la lutte contre les feux de for\u00eats\u00a0\u00bb, a soulign\u00e9 le directeur g\u00e9n\u00e9ral de la protection civile.<\/p>\n<blockquote readability=\"13\">\n<p><em><strong>cette ann\u00e9e 2020, un dispositif op\u00e9rationnel de la lutte contre les incendies de for\u00eats, compos\u00e9e de 65 colonnes mobiles, dont 28 nouvelles, et 505 unit\u00e9s d\u2019intervention appuy\u00e9es par des moyens de lutte a\u00e9rienne en cas de n\u00e9cessit\u00e9, a \u00e9t\u00e9 mis en place par la DGPC pour faire face \u00e0 ce fl\u00e9au.<\/strong><\/em><\/p>\n<\/blockquote>\n<p>\u00ab\u00a0L\u2019objectif de cette campagne nationale de sensibilisation est de mettre \u00e0 la disposition de nos concitoyens les conseils n\u00e9cessaires \u00e0 suivre pour faire face aux risques d\u2019incendies de for\u00eats et de v\u00e9g\u00e9tations\u00a0\u00bb, a expliqu\u00e9 de son c\u00f4t\u00e9 le colonel Achour.<\/p>\n<p>En 2019, quelque 21.048 hectares de v\u00e9g\u00e9tation ont \u00e9t\u00e9 d\u00e9cim\u00e9s par les flammes, dont 6.045 hectares de for\u00eats, 4.428 ha de maquis et 10.575 ha de broussailles, selon les chiffres donn\u00e9s par le m\u00eame responsable.<\/p>\n<\/div>\n<p>Auteur:<br \/>\n<a href=\"http:\/\/www.aps.dz\/regions\/106227-bouira-campagne-nationale-de-prevention-et-de-lutte-contre-les-incendies-de-forets\">Cliquez ici pour lire l&rsquo;article depuis sa source.<\/a><\/p>\n","protected":false},"excerpt":{"rendered":"<p>BOUIRA &#8211; Une campagne nationale de pr\u00e9vention et de lutte contre les incendies de for\u00eats a \u00e9t\u00e9 lanc\u00e9e lundi par le directeur g\u00e9n\u00e9ral de la Protection civile (DGPC), le colonel Boualem Boughlef, \u00e0 Bouira. Dans un point de presse tenu en marge du coup d\u2019envoi de cette campagne, le colonel Boughlef a expliqu\u00e9 qu\u2019il s\u2019agit [&hellip;]<\/p>\n","protected":false},"author":1790,"featured_media":0,"comment_status":"closed","ping_status":"closed","sticky":false,"template":"","format":"standard","meta":{"fifu_image_url":"","fifu_image_alt":"","footnotes":""},"categories":[53,76],"tags":[],"class_list":["post-89045","post","type-post","status-publish","format-standard","hentry","category-algerie","category-regions"],"_links":{"self":[{"href":"https:\/\/linitiative.ca\/International\/wp-json\/wp\/v2\/posts\/89045","targetHints":{"allow":["GET"]}}],"collection":[{"href":"https:\/\/linitiative.ca\/International\/wp-json\/wp\/v2\/posts"}],"about":[{"href":"https:\/\/linitiative.ca\/International\/wp-json\/wp\/v2\/types\/post"}],"author":[{"embeddable":true,"href":"https:\/\/linitiative.ca\/International\/wp-json\/wp\/v2\/users\/1790"}],"replies":[{"embeddable":true,"href":"https:\/\/linitiative.ca\/International\/wp-json\/wp\/v2\/comments?post=89045"}],"version-history":[{"count":0,"href":"https:\/\/linitiative.ca\/International\/wp-json\/wp\/v2\/posts\/89045\/revisions"}],"wp:attachment":[{"href":"https:\/\/linitiative.ca\/International\/wp-json\/wp\/v2\/media?parent=89045"}],"wp:term":[{"taxonomy":"category","embeddable":true,"href":"https:\/\/linitiative.ca\/International\/wp-json\/wp\/v2\/categories?post=89045"},{"taxonomy":"post_tag","embeddable":true,"href":"https:\/\/linitiative.ca\/International\/wp-json\/wp\/v2\/tags?post=89045"}],"curies":[{"name":"wp","href":"https:\/\/api.w.org\/{rel}","templated":true}]}}