{"id":89050,"date":"2020-06-14T18:04:29","date_gmt":"2020-06-14T22:04:29","guid":{"rendered":"https:\/\/linitiative.ca\/International\/bourse-hausse-de-la-liquidite-en-mai\/"},"modified":"2020-06-14T18:04:29","modified_gmt":"2020-06-14T22:04:29","slug":"bourse-hausse-de-la-liquidite-en-mai","status":"publish","type":"post","link":"https:\/\/linitiative.ca\/International\/bourse-hausse-de-la-liquidite-en-mai\/","title":{"rendered":"Bourse: Hausse de la liquidit\u00e9 en mai"},"content":{"rendered":"<div class=\"body\">\n<div class=\"field field-name-body field-type-text-with-summary field-label-hidden\">\n<div class=\"field-items\" readability=\"10.5\">\n<div class=\"field-item even\" property=\"content:encoded\" readability=\"16\">\n<p class=\"rtejustify\">La liquidit\u00e9 de la Bourse de Casablanca s\u2019am\u00e9liore en mai. Le ratio de liquidit\u00e9 s\u2019est, en effet, inscrit en hausse durant le mois de mai pour s\u2019\u00e9tablir \u00e0 11,5% contre 7,34% un an auparavant. Ce ratio repr\u00e9sente une moyenne mobile du volume mensuel non doubl\u00e9 des march\u00e9s central et de blocs, rapport\u00e9e \u00e0 la capitalisation \u00e0 fin de mois, calcul\u00e9e sur une ann\u00e9e glissante.<br \/><em>M.A.B.<\/em><\/p>\n<\/div>\n<\/div>\n<\/div>\n<\/div>\n<div class=\"eco-conseil\">\n<div class=\"view view-eco-conseil-16 view-id-eco_conseil_16 view-display-id-cookies view-dom-id-2346989ec7a670056ce6b1b997befce3\">\n<div class=\"view-content\">\n<div id=\"views-bootstrap-grid-1\" class=\"views-bootstrap-grid-plugin-style\">\n<div class=\"row\">\n<div class=\" col-xs-12 col-lg-4\">\n<div class=\"row\">\n<div class=\"col col-xs-12 col-lg-12\">\n<div class=\"field-content\"><a href=\"\/article\/1063335-les-freight-forwarders-contribuent-au-fonds-covid-19\"><img loading=\"lazy\" decoding=\"async\" class=\"img-responsive\" typeof=\"foaf:Image\" src=\"https:\/\/www.leconomiste.com\/sites\/default\/files\/eco7\/public\/styles\/800x400\/public\/default_images\/default_une.jpg?itok=4jZlgnIZ\" width=\"660\" height=\"330\" alt=\"\"\/><\/a><\/div>\n<\/div>\n<div class=\" title_suite_2 col col-xs-12 col-lg-12\"> <a href=\"\/article\/1063335-les-freight-forwarders-contribuent-au-fonds-covid-19\"\/><span class=\"field-content\">Les Freight Forwarders contribuent au Fonds Covid-19<\/span><\/div>\n<\/div>\n<\/div>\n<div class=\" col-xs-12 col-lg-4\">\n<div class=\"row\">\n<div class=\"col col-xs-12 col-lg-12\">\n<div class=\"field-content\"><a href=\"\/article\/1063334-pret-de-titres-l-activite-en-baisse-au-premier-trimestre\"><img loading=\"lazy\" decoding=\"async\" class=\"img-responsive\" typeof=\"foaf:Image\" src=\"https:\/\/www.leconomiste.com\/sites\/default\/files\/eco7\/public\/styles\/800x400\/public\/default_images\/default_une.jpg?itok=4jZlgnIZ\" width=\"660\" height=\"330\" alt=\"\"\/><\/a><\/div>\n<\/div>\n<div class=\" title_suite_2 col col-xs-12 col-lg-12\"> <a href=\"\/article\/1063334-pret-de-titres-l-activite-en-baisse-au-premier-trimestre\"\/><span class=\"field-content\">Pr\u00eat de titres: L\u2019activit\u00e9 en baisse au premier trimestre<\/span><\/div>\n<\/div>\n<\/div>\n<div class=\" col-xs-12 col-lg-4\">\n<div class=\"row\">\n<div class=\"col col-xs-12 col-lg-12\">\n<div class=\"field-content\"><a href=\"\/article\/1063332-indemnite-covid-19-l-umt-pour-la-prorogation-au-dela-du-30-juin\"><img loading=\"lazy\" decoding=\"async\" class=\"img-responsive\" typeof=\"foaf:Image\" src=\"https:\/\/www.leconomiste.com\/sites\/default\/files\/eco7\/public\/styles\/800x400\/public\/default_images\/default_une.jpg?itok=4jZlgnIZ\" width=\"660\" height=\"330\" alt=\"\"\/><\/a><\/div>\n<\/div>\n<div class=\" title_suite_2 col col-xs-12 col-lg-12\"> <a href=\"\/article\/1063332-indemnite-covid-19-l-umt-pour-la-prorogation-au-dela-du-30-juin\"\/><span class=\"field-content\">Indemnit\u00e9 Covid-19: l\u2019UMT pour la prorogation au-del\u00e0 du 30 juin<\/span><\/div>\n<\/div>\n<\/div>\n<\/div>\n<\/div>\n<\/div>\n<\/div>\n<\/div>\n<p>Auteur: hlafriqi<br \/>\n<a href=\"https:\/\/www.leconomiste.com\/article\/1063333-bourse-hausse-de-la-liquidite-en-mai\">Cliquez ici pour lire l&rsquo;article depuis sa source.<\/a><\/p>\n","protected":false},"excerpt":{"rendered":"<p>La liquidit\u00e9 de la Bourse de Casablanca s\u2019am\u00e9liore en mai. Le ratio de liquidit\u00e9 s\u2019est, en effet, inscrit en hausse durant le mois de mai pour s\u2019\u00e9tablir \u00e0 11,5% contre 7,34% un an auparavant. Ce ratio repr\u00e9sente une moyenne mobile du volume mensuel non doubl\u00e9 des march\u00e9s central et de blocs, rapport\u00e9e \u00e0 la capitalisation [&hellip;]<\/p>\n","protected":false},"author":1763,"featured_media":0,"comment_status":"closed","ping_status":"closed","sticky":false,"template":"","format":"standard","meta":{"fifu_image_url":"","fifu_image_alt":"","footnotes":""},"categories":[78,54],"tags":[],"class_list":["post-89050","post","type-post","status-publish","format-standard","hentry","category-economie","category-maroc"],"_links":{"self":[{"href":"https:\/\/linitiative.ca\/International\/wp-json\/wp\/v2\/posts\/89050","targetHints":{"allow":["GET"]}}],"collection":[{"href":"https:\/\/linitiative.ca\/International\/wp-json\/wp\/v2\/posts"}],"about":[{"href":"https:\/\/linitiative.ca\/International\/wp-json\/wp\/v2\/types\/post"}],"author":[{"embeddable":true,"href":"https:\/\/linitiative.ca\/International\/wp-json\/wp\/v2\/users\/1763"}],"replies":[{"embeddable":true,"href":"https:\/\/linitiative.ca\/International\/wp-json\/wp\/v2\/comments?post=89050"}],"version-history":[{"count":0,"href":"https:\/\/linitiative.ca\/International\/wp-json\/wp\/v2\/posts\/89050\/revisions"}],"wp:attachment":[{"href":"https:\/\/linitiative.ca\/International\/wp-json\/wp\/v2\/media?parent=89050"}],"wp:term":[{"taxonomy":"category","embeddable":true,"href":"https:\/\/linitiative.ca\/International\/wp-json\/wp\/v2\/categories?post=89050"},{"taxonomy":"post_tag","embeddable":true,"href":"https:\/\/linitiative.ca\/International\/wp-json\/wp\/v2\/tags?post=89050"}],"curies":[{"name":"wp","href":"https:\/\/api.w.org\/{rel}","templated":true}]}}