{"id":89053,"date":"2020-06-15T15:13:10","date_gmt":"2020-06-15T19:13:10","guid":{"rendered":"https:\/\/linitiative.ca\/International\/pros-atal-present-pour-la-reprise-de-logc-nice\/"},"modified":"2020-06-15T15:13:10","modified_gmt":"2020-06-15T19:13:10","slug":"pros-atal-present-pour-la-reprise-de-logc-nice","status":"publish","type":"post","link":"https:\/\/linitiative.ca\/International\/pros-atal-present-pour-la-reprise-de-logc-nice\/","title":{"rendered":"Pros : Atal pr\u00e9sent pour la reprise de l&rsquo;OGC Nice"},"content":{"rendered":"<div readability=\"32\">\n<p>Auteur : <span class=\"time\">lundi 15 juin 2020 12:18<\/span><\/p>\n<\/div>\n<div id=\"post_core\" readability=\"54\">\n<p>Les joueur de l&rsquo;OGC Nice se retrouveront ce lundi pour une journ\u00e9e ponctu\u00e9e par la premi\u00e8re apparition m\u00e9diatique de la saison de leur entra\u00eeneur, Patrick Vieira, dans l&rsquo;apr\u00e8s-midi.<\/p>\n<p>Ils seront vingt-huit joueurs, parmi lesquels Youcef Atal (op\u00e9r\u00e9 en d\u00e9cembre du genou droit) et la premi\u00e8re recrue du club, le d\u00e9fenseur br\u00e9silien Robson Bambu (22 ans) comme l&rsquo;indique L&rsquo;Equipe. Il y aura aussi les \u00e9l\u00e9ments pr\u00eat\u00e9s la saison pass\u00e9e \u00e0 des clubs fran\u00e7ais : Jean-Victor Makengo (Toulouse), Ihsan Sacko (Troyes, L 2), Eddy Sylvestre (Auxerre, L 2) et Yanis Hamache (Red Star, National) ; mais pas ceux pr\u00eat\u00e9s \u00e0 l&rsquo;\u00e9tranger, toujours mobilis\u00e9s par leur club : Adrien Tameze (Atalanta, ITA), Racine Coly et Ibrahim Ciss\u00e9 (Famalicao, POR), Dan Ndoye (Lausanne, D 2 SUI). Manqueront logiquement les trois joueurs arrivant en fin de contrat : Malang Sarr, Arnaud Lusamba et Yannis Clementia.<\/p>\n<p><strong>Publi\u00e9 dans :<\/strong> <span>Nice<\/span><\/p>\n<\/div>\n<p>Auteur:<br \/>\n<a href=\"http:\/\/www.lebuteur.com\/article\/detail?titre=atal-present-pour-la-reprise-de-logc-nice&#038;id=96253&#038;utm_source=feedburner&#038;utm_medium=feed&#038;utm_campaign=Feed%3A+GalerieFArtciles+%28Les+derniers+articles++-+lebuteur.com%29\">Cliquez ici pour lire l&rsquo;article depuis sa source.<\/a><\/p>\n","protected":false},"excerpt":{"rendered":"<p>Auteur : lundi 15 juin 2020 12:18 Les joueur de l&rsquo;OGC Nice se retrouveront ce lundi pour une journ\u00e9e ponctu\u00e9e par la premi\u00e8re apparition m\u00e9diatique de la saison de leur entra\u00eeneur, Patrick Vieira, dans l&rsquo;apr\u00e8s-midi. Ils seront vingt-huit joueurs, parmi lesquels Youcef Atal (op\u00e9r\u00e9 en d\u00e9cembre du genou droit) et la premi\u00e8re recrue du club, [&hellip;]<\/p>\n","protected":false},"author":1738,"featured_media":89054,"comment_status":"closed","ping_status":"closed","sticky":false,"template":"","format":"standard","meta":{"fifu_image_url":"","fifu_image_alt":"","footnotes":""},"categories":[53,75],"tags":[],"class_list":["post-89053","post","type-post","status-publish","format-standard","has-post-thumbnail","hentry","category-algerie","category-sport"],"_links":{"self":[{"href":"https:\/\/linitiative.ca\/International\/wp-json\/wp\/v2\/posts\/89053","targetHints":{"allow":["GET"]}}],"collection":[{"href":"https:\/\/linitiative.ca\/International\/wp-json\/wp\/v2\/posts"}],"about":[{"href":"https:\/\/linitiative.ca\/International\/wp-json\/wp\/v2\/types\/post"}],"author":[{"embeddable":true,"href":"https:\/\/linitiative.ca\/International\/wp-json\/wp\/v2\/users\/1738"}],"replies":[{"embeddable":true,"href":"https:\/\/linitiative.ca\/International\/wp-json\/wp\/v2\/comments?post=89053"}],"version-history":[{"count":0,"href":"https:\/\/linitiative.ca\/International\/wp-json\/wp\/v2\/posts\/89053\/revisions"}],"wp:featuredmedia":[{"embeddable":true,"href":"https:\/\/linitiative.ca\/International\/wp-json\/"}],"wp:attachment":[{"href":"https:\/\/linitiative.ca\/International\/wp-json\/wp\/v2\/media?parent=89053"}],"wp:term":[{"taxonomy":"category","embeddable":true,"href":"https:\/\/linitiative.ca\/International\/wp-json\/wp\/v2\/categories?post=89053"},{"taxonomy":"post_tag","embeddable":true,"href":"https:\/\/linitiative.ca\/International\/wp-json\/wp\/v2\/tags?post=89053"}],"curies":[{"name":"wp","href":"https:\/\/api.w.org\/{rel}","templated":true}]}}