{"id":89065,"date":"2020-06-14T19:00:00","date_gmt":"2020-06-14T23:00:00","guid":{"rendered":"https:\/\/linitiative.ca\/International\/prise-en-charge-des-cancereux-durant-la-crise-sanitaire-des-mesures-de-prevention-strictes\/"},"modified":"2020-06-14T19:00:00","modified_gmt":"2020-06-14T23:00:00","slug":"prise-en-charge-des-cancereux-durant-la-crise-sanitaire-des-mesures-de-prevention-strictes","status":"publish","type":"post","link":"https:\/\/linitiative.ca\/International\/prise-en-charge-des-cancereux-durant-la-crise-sanitaire-des-mesures-de-prevention-strictes\/","title":{"rendered":"Prise en charge des canc\u00e9reux durant la crise sanitaire   :  Des mesures de pr\u00e9vention strictes"},"content":{"rendered":"<p>Avec la phase de d\u00e9confinement, les h\u00f4pitaux s&rsquo;appr\u00eatent \u00e0 conna\u00eetre un important retour des malades hors-Covid-19 vers les diff\u00e9rents services. Les professionnels de la sant\u00e9 redoutent une d\u00e9ferlante et tentent de s&rsquo;organiser pour faire face \u00e0 cette situation. La crise sanitaire a \u00e9loign\u00e9 les patients des h\u00f4pitaux, la priorit\u00e9 \u00e9tant accord\u00e9e aux patients atteints du coronavirus. Se pose alors la probl\u00e9matique de la prise en charge des canc\u00e9reux atteints par le Coronavirus et la gestion post-Covid-19 des services en charge des malades du cancer.<br \/>Des questions qui ont \u00e9t\u00e9 au centre des d\u00e9bats lors d\u2019une visioconf\u00e9rence qui a r\u00e9uni trois \u00e9minents professeurs et chefs de service h\u00e9matologie et oncologie de l\u2019EHU d\u2019Oran, du CHU de Tizi-Ouzou et du CHU d\u2019Annaba.<br \/>Les Professeurs Mohamed Amine Bekadja, Hocine Ait-Ali et Fatiha Grifi ont r\u00e9v\u00e9l\u00e9, \u00e0 cet effet, que leurs services n\u2019ont jamais cess\u00e9 de soigner les malades tout au long des trois mois d\u00e9confinement en enregistrant une hausse du nombre des patients venus pour les soins n\u00e9cessaires.<br \/>Pour la premi\u00e8re cit\u00e9, il ne s\u2019agit nullement d\u2019un retour des malades atteints de la leuc\u00e9mie lympho\u00efde chronique (LLC) puisque, selon lui, ils venaient toujours \u00e0 l\u2019h\u00f4pital pour recevoir leurs soins qui sont lourds, \u00e0 l\u2019instar de la chimioth\u00e9rapie. \u00abIl est vrai que le personnel soignant \u00e9tait d\u00e9pass\u00e9, malheureusement, on compte aujourd\u2019hui des malades LLC qui sont infect\u00e9s par le Covid-19\u00bb, a indiqu\u00e9 le chef de service h\u00e9matologie et oncologie de l\u2019\u00e9tablissement hospitalo-universitaire d\u2019Oran.<br \/>\u00a0Il expliquera que les patients atteints de la leuc\u00e9mie lympho\u00efde chronique et du Covid-19 repr\u00e9sentent deux situations distinctes, \u00e0 savoir ceux qui sont symptomatiques et ceux qui sont asymptomatiques. \u00abS\u2019il est asymptomatique, il faut voir le diagnostic de la maladie et s\u2019il est \u00e0 un stade tr\u00e8s avanc\u00e9, il faut le mettre en confinement pendant 14 jours et lui dispenser le traitement selon les recommandations internationales utilis\u00e9es dans le traitement des maladies canc\u00e9reuses, en particulier dans la LLC\u00bb, a d\u00e9taill\u00e9 le m\u00e9decin qui soul\u00e8ve le probl\u00e8me du retour d\u2019un grand nombre de malades hors-Covid-19 vers les autres services. \u00abOn doit leur imposer les r\u00e8gles barri\u00e8res et les mesures de protection les plus strictes pour \u00e9viter la propagation du virus\u00bb, a-t-il plaid\u00e9.<br \/>De son c\u00f4t\u00e9, Le Pr. Fatiha Grifi a soulign\u00e9 que son service conna\u00eet une situation \u00abdifficile \u00e0 g\u00e9rer\u00bb et r\u00e9v\u00e9l\u00e9 que le personnel m\u00e9dical a \u00e9t\u00e9 pris d\u2019une panique aggrav\u00e9e par le manque de moyens de protection notamment. La cheffe de service h\u00e9matologie et oncologie du CHU d\u2019Annaba a confi\u00e9 avoir d\u00e9plor\u00e9 jeudi dernier le d\u00e9c\u00e8s de deux patients canc\u00e9reux, deux jours seulement apr\u00e8s leur infection par la Covid-19, regrettant que son service n\u2019ait rien pu faire.<\/p>\n<p><strong>Le service d\u2019h\u00e9matologie\u00a0 n\u2019a jamais cess\u00e9 de fonctionner<\/strong><\/p>\n<p>Coordinateur national de la LLC, le Pr. Hocine Ait-Ali a affirm\u00e9 que l\u2019hospitalisation n\u2019a pas cess\u00e9 au CHU de Tizi-Ouzou et relev\u00e9 que le personnel m\u00e9dical ne prenait en charge que les cas urgents ainsi que le renouvellement des ordonnances des patients. \u00abLes nouveaux malades n\u2019\u00e9taient pas pris en charge\u00bb, a-t-il not\u00e9.<br \/>Apr\u00e8s avoir d\u00e9crit la situation sanitaire actuelle dans leur service, les trois sp\u00e9cialistes du cancer du sang ont affirm\u00e9 que les canc\u00e9reux sont expos\u00e9s \u00e0 un risque Covid-19 plus \u00e9lev\u00e9 que les autres sujets. \u00abLes personnes atteintes de la LLC et infect\u00e9es par le virus d\u00e9veloppent des complications plus graves, ce qui conduira \u00e0 une mort certaine\u00bb, ont-ils mis en garde.<br \/>Sur un autre chapitre, les conf\u00e9renciers ont assur\u00e9 la disponibilit\u00e9 du traitement de la maladie dans leurs services respectifs et affirm\u00e9 que le m\u00eame traitement est dispens\u00e9 en France, aux Etats-Unis ainsi que dans d\u2019autres pays. \u00abOn travaille selon les standards internationaux, on n\u2019a rien invent\u00e9\u00bb, ont-ils d\u00e9clar\u00e9.<br \/>A la fin de la conf\u00e9rence, les trois praticiens ont tenu \u00e0 appeler les citoyens, plus particuli\u00e8rement les personnes atteintes de maladies chroniques, \u00e0 faire preuve d\u2019une grande vigilance et d\u2019\u00eatre responsables en prenant toutes les pr\u00e9cautions possibles pour \u00e9viter toute contagion.<br \/>Ils ont insist\u00e9, par ailleurs, sur l\u2019\u00e9ducation sanitaire ainsi que sur les gestes barri\u00e8res \u00e0 adopter, dont le respect de la distanciation physique dans tous les endroits o\u00f9 ils se rendent, le port du masque de protection, le lavage des mains au savon et l\u2019usage du gel d\u00e9sinfectant.<br \/>Les m\u00e9decins ont \u00e9galement souhait\u00e9 que les malades soient accompagn\u00e9s d\u2019un seul proche et surtout ne pas prendre les transports en commun pour \u00e9viter tout contact avec des personnes \u00e9trang\u00e8res. \u00abParmi les malades LLC atteints du Coronavirus, tr\u00e8s rares sont ceux qui sont sortis indemnes\u00bb, ont-ils d\u00e9plor\u00e9.<br \/>Il convient de rappeler que la leuc\u00e9mie lympho\u00efde chronique est une maladie touchant des cellules du sang appel\u00e9es lymphocytes B, qui sont produites par la moelle osseuse.<br \/>Mohamed Mendaci<\/p>\n<p>Auteur: elmoudjahid<br \/>\n<a href=\"http:\/\/www.elmoudjahid.com\/fr\/actualites\/154952\">Cliquez ici pour lire l&rsquo;article depuis sa source.<\/a><\/p>\n","protected":false},"excerpt":{"rendered":"<p>Avec la phase de d\u00e9confinement, les h\u00f4pitaux s&rsquo;appr\u00eatent \u00e0 conna\u00eetre un important retour des malades hors-Covid-19 vers les diff\u00e9rents services. Les professionnels de la sant\u00e9 redoutent une d\u00e9ferlante et tentent de s&rsquo;organiser pour faire face \u00e0 cette situation. La crise sanitaire a \u00e9loign\u00e9 les patients des h\u00f4pitaux, la priorit\u00e9 \u00e9tant accord\u00e9e aux patients atteints du [&hellip;]<\/p>\n","protected":false},"author":1744,"featured_media":0,"comment_status":"closed","ping_status":"closed","sticky":false,"template":"","format":"standard","meta":{"fifu_image_url":"","fifu_image_alt":"","footnotes":""},"categories":[73,53],"tags":[],"class_list":["post-89065","post","type-post","status-publish","format-standard","hentry","category-actualite","category-algerie"],"_links":{"self":[{"href":"https:\/\/linitiative.ca\/International\/wp-json\/wp\/v2\/posts\/89065","targetHints":{"allow":["GET"]}}],"collection":[{"href":"https:\/\/linitiative.ca\/International\/wp-json\/wp\/v2\/posts"}],"about":[{"href":"https:\/\/linitiative.ca\/International\/wp-json\/wp\/v2\/types\/post"}],"author":[{"embeddable":true,"href":"https:\/\/linitiative.ca\/International\/wp-json\/wp\/v2\/users\/1744"}],"replies":[{"embeddable":true,"href":"https:\/\/linitiative.ca\/International\/wp-json\/wp\/v2\/comments?post=89065"}],"version-history":[{"count":0,"href":"https:\/\/linitiative.ca\/International\/wp-json\/wp\/v2\/posts\/89065\/revisions"}],"wp:attachment":[{"href":"https:\/\/linitiative.ca\/International\/wp-json\/wp\/v2\/media?parent=89065"}],"wp:term":[{"taxonomy":"category","embeddable":true,"href":"https:\/\/linitiative.ca\/International\/wp-json\/wp\/v2\/categories?post=89065"},{"taxonomy":"post_tag","embeddable":true,"href":"https:\/\/linitiative.ca\/International\/wp-json\/wp\/v2\/tags?post=89065"}],"curies":[{"name":"wp","href":"https:\/\/api.w.org\/{rel}","templated":true}]}}