{"id":89066,"date":"2020-06-14T19:00:00","date_gmt":"2020-06-14T23:00:00","guid":{"rendered":"https:\/\/linitiative.ca\/International\/commentaire-lambition-agricole\/"},"modified":"2020-06-14T19:00:00","modified_gmt":"2020-06-14T23:00:00","slug":"commentaire-lambition-agricole","status":"publish","type":"post","link":"https:\/\/linitiative.ca\/International\/commentaire-lambition-agricole\/","title":{"rendered":"Commentaire : L\u2019ambition agricole"},"content":{"rendered":"<p>Lors de son entrevue p\u00e9riodique avec les m\u00e9dias nationaux, le pr\u00e9sident de la R\u00e9publique a salu\u00e9 les efforts des agriculteurs qui ont permis d\u2019engranger 25 milliards de dollars. \u00abPendant une certaine p\u00e9riode, on n\u2019a rien import\u00e9 et on a ma\u00eetris\u00e9 les prix\u00bb, a-t-il soulign\u00e9. C\u2019est un r\u00e9sultat prometteur qui milite pour une redynamisation des potentialit\u00e9s agricoles, \u00e0 travers la relance du secteur agricole en partenariat avec des investisseurs nationaux et \u00e9trangers.<br \/>L\u2019ambition est l\u00e9gitime pour faire de ce secteur un pilier du d\u00e9veloppement. C\u2019est un secteur n\u00e9vralgique en mesure de g\u00e9n\u00e9rer une forte valeur ajout\u00e9e. L\u2019abandon d\u2019un mod\u00e8le \u00e9conomique fortement d\u00e9pendant des revenus des hydrocarbures et de la mono-exportation est un imp\u00e9ratif d\u2019une extr\u00eame urgence. L\u2019Alg\u00e9rie ne peut plus s\u2019accommoder d\u2019un financement de la ration alimentaire de nos concitoyens d\u00e9pendant d\u2019un march\u00e9 mondial des hydrocarbures dont les r\u00e8gles de fonctionnement sont dict\u00e9es par d\u2019autres acteurs qui le dominent ou de facteurs exog\u00e8nes (croissance mondiale, g\u00e9opolitique de l\u2019\u00e9nergie\u2026 )\u00a0 sur lesquels\u00a0 notre pays n\u2019a pas de contr\u00f4le. La s\u00e9curit\u00e9 alimentaire de l\u2019Alg\u00e9rie d\u00e9pend grandement du secteur agricole, mais aussi des performances globales de notre \u00e9conomie, dont la diversification constitue la pierre angulaire de son d\u00e9collage d\u00e9finitif. Une \u00e9conomie moderne bas\u00e9e sur des technologies \u00e0 hautes qualifications, sur des entreprises et des services cr\u00e9ant des richesses durables et un potentiel de ressources financi\u00e8res, mat\u00e9rielles et humaines rationnellement exploit\u00e9es. Les d\u00e9fis qui se posent \u00e0 notre agriculture sont identifi\u00e9s : ils touchent \u00e0 l\u2019am\u00e9lioration de la productivit\u00e9 des terres et du travail agricole, \u00e0 des facteurs de comp\u00e9titivit\u00e9 et d\u2019exportations de produits agricoles, au renforcement des modes d\u2019organisation des producteurs, \u00e0 l\u2019adaptation du secteur aux changements climatiques. Il y a lieu de soutenir la recherche agronomique, peu sollicit\u00e9e jusqu\u2019\u00e0 pr\u00e9sent. La part des d\u00e9penses de recherche dans le PIB national demeure en dessous des normes universellement admises. Le secteur des industries agroalimentaires devra \u00eatre renforc\u00e9, car il contribue \u00e0 l\u2019approvisionnement du march\u00e9 en produits qui constituent la base du syst\u00e8me alimentaire et nutritionnel de notre population. La cr\u00e9ation du minist\u00e8re d\u00e9l\u00e9gu\u00e9 \u00e0 l\u2019Agriculture saharienne et de montagne est une d\u00e9cision utile, dans la mesure o\u00f9 l\u2019essor de l\u2019agriculture dans ces vastes zones contribuera \u00e0 la r\u00e9duction drastique de la facture des importations alimentaires. Des r\u00e9gions immenses qui peuvent satisfaire les besoins nationaux en divers produits agricoles en grandes quantit\u00e9s. De nombreuses exp\u00e9riences-pilotes le prouvent quotidiennement. Devant l\u2019\u00e9mergence de crises plan\u00e9taires alimentaires, financi\u00e8res mondiales, l\u2019instabilit\u00e9 des march\u00e9s agricoles mondiaux, devant les risques d\u2019une concurrence de plus en plus f\u00e9roce, la promotion de notre potentiel agricole est plus qu\u2019une n\u00e9cessit\u00e9, c\u2019est un devoir vital.<br \/><strong>M. Bouraib<\/strong><br \/>\u00a0<\/p>\n<p>Auteur: elmoudjahid<br \/>\n<a href=\"http:\/\/www.elmoudjahid.com\/fr\/actualites\/154953\">Cliquez ici pour lire l&rsquo;article depuis sa source.<\/a><\/p>\n","protected":false},"excerpt":{"rendered":"<p>Lors de son entrevue p\u00e9riodique avec les m\u00e9dias nationaux, le pr\u00e9sident de la R\u00e9publique a salu\u00e9 les efforts des agriculteurs qui ont permis d\u2019engranger 25 milliards de dollars. \u00abPendant une certaine p\u00e9riode, on n\u2019a rien import\u00e9 et on a ma\u00eetris\u00e9 les prix\u00bb, a-t-il soulign\u00e9. C\u2019est un r\u00e9sultat prometteur qui milite pour une redynamisation des potentialit\u00e9s [&hellip;]<\/p>\n","protected":false},"author":1744,"featured_media":0,"comment_status":"closed","ping_status":"closed","sticky":false,"template":"","format":"standard","meta":{"fifu_image_url":"","fifu_image_alt":"","footnotes":""},"categories":[73,53],"tags":[],"class_list":["post-89066","post","type-post","status-publish","format-standard","hentry","category-actualite","category-algerie"],"_links":{"self":[{"href":"https:\/\/linitiative.ca\/International\/wp-json\/wp\/v2\/posts\/89066","targetHints":{"allow":["GET"]}}],"collection":[{"href":"https:\/\/linitiative.ca\/International\/wp-json\/wp\/v2\/posts"}],"about":[{"href":"https:\/\/linitiative.ca\/International\/wp-json\/wp\/v2\/types\/post"}],"author":[{"embeddable":true,"href":"https:\/\/linitiative.ca\/International\/wp-json\/wp\/v2\/users\/1744"}],"replies":[{"embeddable":true,"href":"https:\/\/linitiative.ca\/International\/wp-json\/wp\/v2\/comments?post=89066"}],"version-history":[{"count":0,"href":"https:\/\/linitiative.ca\/International\/wp-json\/wp\/v2\/posts\/89066\/revisions"}],"wp:attachment":[{"href":"https:\/\/linitiative.ca\/International\/wp-json\/wp\/v2\/media?parent=89066"}],"wp:term":[{"taxonomy":"category","embeddable":true,"href":"https:\/\/linitiative.ca\/International\/wp-json\/wp\/v2\/categories?post=89066"},{"taxonomy":"post_tag","embeddable":true,"href":"https:\/\/linitiative.ca\/International\/wp-json\/wp\/v2\/tags?post=89066"}],"curies":[{"name":"wp","href":"https:\/\/api.w.org\/{rel}","templated":true}]}}