{"id":89067,"date":"2020-06-14T19:00:00","date_gmt":"2020-06-14T23:00:00","guid":{"rendered":"https:\/\/linitiative.ca\/International\/le-president-tebboune-preside-la-reunion-du-conseil-des-ministres-en-visioconference-satisfaire-les-besoins-des-citoyens\/"},"modified":"2020-06-14T19:00:00","modified_gmt":"2020-06-14T23:00:00","slug":"le-president-tebboune-preside-la-reunion-du-conseil-des-ministres-en-visioconference-satisfaire-les-besoins-des-citoyens","status":"publish","type":"post","link":"https:\/\/linitiative.ca\/International\/le-president-tebboune-preside-la-reunion-du-conseil-des-ministres-en-visioconference-satisfaire-les-besoins-des-citoyens\/","title":{"rendered":"Le Pr\u00e9sident Tebboune pr\u00e9side la r\u00e9union  du Conseil des ministres en visioconf\u00e9rence : \u00abSatisfaire les besoins  des citoyens\u00bb"},"content":{"rendered":"<p><strong>Le Conseil des ministres a tenu, hier, par visioconf\u00e9rence, sa r\u00e9union p\u00e9riodique, pr\u00e9sid\u00e9e par M. Abdelmadjid Tebboune, Pr\u00e9sident de la R\u00e9publique, Chef supr\u00eame des Forces arm\u00e9es,\u00a0 ministre de la D\u00e9fense nationale.<br \/>En voici la traduction :<\/strong><\/p>\n<p>\u00abLe Conseil des ministres a tenu, ce dimanche 14 juin 2020, par visioconf\u00e9rence, sa r\u00e9union p\u00e9riodique, pr\u00e9sid\u00e9e par M. Abdelmadjid Tebboune, Pr\u00e9sident de la R\u00e9publique, Chef supr\u00eame des Forces arm\u00e9es, ministre de la D\u00e9fense nationale. Le Conseil des ministres a entam\u00e9 ses travaux par un expos\u00e9 donn\u00e9 par le Premier ministre sur l\u2019action gouvernementale durant les deux derni\u00e8res semaines.<br \/>Le Conseil a, par la suite, d\u00e9battu et approuv\u00e9 les expos\u00e9s successifs, dont le premier a \u00e9t\u00e9 celui du ministre de la P\u00eache et des Productions halieutiques, qui a pr\u00e9sent\u00e9 le plan d\u2019action de son secteur et les perspectives de son d\u00e9veloppement pour la p\u00e9riode 2020-2024, partant d\u2019une strat\u00e9gie qui s\u2019appuie essentiellement sur une transformation progressive et durable, consacrant la rupture avec le pass\u00e9 en mati\u00e8re de structure organisationnelle et institutionnelle, et de m\u00e9thode de gestion du secteur, et contribuant au renforcement de la s\u00e9curit\u00e9 alimentaire nationale. La nouvelle approche repose sur la remobilisation des moyens existants intra et extrasectoriels, en associant les partenaires publics et priv\u00e9s, sur la recherche des modes de diffusion et d\u2019amplification des actions \u00e0 partir des p\u00f4les d\u2019excellence des fili\u00e8res des productions halieutiques, en impliquant l\u2019ensemble des acteurs concern\u00e9s, et enfin sur l\u2019am\u00e9lioration de la formation pour r\u00e9pondre aux besoins du secteur. Ce programme permettra de porter le niveau des productions halieutiques \u00e0 166.000 tonnes, de cr\u00e9er 30.000 nouveaux emplois, de mettre au point un syst\u00e8me productif halieutique construit avec des moyens et intrants produits localement et de lancer un vaste programme de d\u00e9veloppement de l\u2019aquaculture marine et continentale.<br \/>Il s\u2019agit \u00e9galement de renforcer la formation qualifiante, de faciliter l\u2019acc\u00e8s des investisseurs au foncier, d\u2019assurer un environnement \u00e9conomique d\u00e9bureaucratis\u00e9, \u00e0 travers la mise en place d\u2019\u00e9cosyst\u00e8mes entrepreneurials permettant un accompagnement total pour la cr\u00e9ation de micro-entreprises et de PME, et la prise en charge sociale des marins, ainsi que le d\u00e9veloppement d\u2019une capacit\u00e9 nationale de p\u00eache au grand large.\u00a0<br \/>Intervenant, au terme de cet expos\u00e9, le Pr\u00e9sident a rappel\u00e9 que la satisfaction des besoins du citoyen dans tous les domaines \u00e9tait au c\u0153ur du programme du Gouvernement, d&rsquo;o\u00f9 l&rsquo;id\u00e9e de cr\u00e9er un minist\u00e8re d\u00e9di\u00e9 sp\u00e9cialement \u00e0 la P\u00eache et aux Produits halieutiques, \u00e9tant un d\u00e9partement tout autant important que celui de l&rsquo;Agriculture auquel il \u00e9tait rattach\u00e9 auparavant.<br \/>Ainsi, le secteur de la P\u00eache pourra v\u00e9ritablement contribuer \u00e0 la diversification des sources de revenu nationales, en garantissant l&rsquo;autosuffisance en mati\u00e8re de p\u00eache et de s&rsquo;orienter vers l&rsquo;exportation, d&rsquo;autant que l&rsquo;Alg\u00e9rie poss\u00e8de une importante fa\u00e7ade maritime, qui la qualifie \u00e0 l&rsquo;\u00e9dification d&rsquo;une industrie de la p\u00eache en sortant des m\u00e9thodes classiques suivies actuellement pour augmenter la consommation de prot\u00e9ines par habitant , r\u00e9duire l&rsquo;importation des poissons, voire m\u00eame des viandes rouges, ce qui profitera au tr\u00e9sor public.<br \/>\u00c0 ce propos, le Pr\u00e9sident a appel\u00e9 \u00e0 s&rsquo;affranchir des pratiques bureaucratiques qui limitent l&rsquo;ambition du secteur, \u00e0 la n\u00e9cessit\u00e9 pour les p\u00eacheurs de s&rsquo;organiser en coop\u00e9ratives avec la contribution de la soci\u00e9t\u00e9 civile et \u00e0 l&rsquo;exploitation de la haute mer par le recours \u00e0 une flotte nationale dirig\u00e9e par des cadres alg\u00e9riens form\u00e9s par des pays leaders dans le domaine.<br \/>De m\u00eame qu&rsquo;il a appel\u00e9 \u00e0 d\u00e9velopper la formation professionnelle de la main-d&rsquo;\u0153uvre de fa\u00e7on \u00e0 pr\u00e9server sa continuit\u00e9 et son transfert interg\u00e9n\u00e9rationnel.<br \/>Dans le m\u00eame cadre, le Pr\u00e9sident a donn\u00e9 des instructions pour la r\u00e9alisation, selon le besoin, de bassins secs pour la maintenance et pour la r\u00e9duction de l&rsquo;importation des pi\u00e8ces de rechange, avant de charger le minist\u00e8re concern\u00e9 d&rsquo;\u00e9laborer un programme d&rsquo;action annuel, dans le cadre du plan quinquennal propos\u00e9.<br \/>Ce plan sera vulgaris\u00e9 \u00e0 travers les m\u00e9dias, pour permettre \u00e0 l&rsquo;opinion publique d\u2019\u00eatre inform\u00e9e des efforts consentis dans ce secteur et dans l&rsquo;ensemble des d\u00e9partements minist\u00e9riels en g\u00e9n\u00e9ral.<br \/>De son c\u00f4t\u00e9, le ministre des Finances a pr\u00e9sent\u00e9 un expos\u00e9 sur la ma\u00eetrise des importations de services et la probl\u00e9matique des ports secs, dans lequel il a \u00e9voqu\u00e9 les raisons de l\u2019augmentation rapide de la facture des services, proposant une batterie de mesures pour la ma\u00eetrise des importations de services.<br \/>L&rsquo;expos\u00e9 a \u00e9galement port\u00e9 sur le traitement de la probl\u00e9matique des ports secs, en proposant une r\u00e9vision globale du syst\u00e8me en vigueur. Intervenant, \u00e0 cet \u00e9gard, le pr\u00e9sident de la R\u00e9publique a ordonn\u00e9 de d\u00e9velopper notre flotte maritime pour \u00eatre en mesure, d&rsquo;ici la fin de l\u2019ann\u00e9e en cours, de prendre en charge totalement le transport des marchandises, ce qui permettra de r\u00e9aliser des \u00e9conomies en devises, d\u2019\u00e9viter la surfacturation et de consolider l\u2019\u00e9conomie nationale.<br \/>En mati\u00e8re de maintenance, le Pr\u00e9sident a ordonn\u00e9 que la priorit\u00e9 absolue dans l\u2019octroi des contrats de maintenance soit accord\u00e9e aux enfants de la patrie, d\u2019autant plus que certains contrats sign\u00e9s avec des parties \u00e9trang\u00e8res pour de longues dur\u00e9es sans pr\u00e9voir de transfert technologique, alors que le niveau des dipl\u00f4m\u00e9s de nos universit\u00e9s s\u2019est am\u00e9lior\u00e9.<br \/>De m\u00eame qu\u2019il a mis l\u2019accent sur l\u2019importance d\u2019int\u00e9grer l\u2019intelligence nationale dans ce secteur et de r\u00e9duire graduellement la d\u00e9pendance vis-\u00e0-vis des prestations \u00e9trang\u00e8res.<br \/>M\u00eame si certains bureaux d\u2019\u00e9tudes locaux n&rsquo;atteignent pas le niveau international, il faudrait les soutenir et les encourager \u00e0 diversifier leurs sp\u00e9cialit\u00e9s et \u00e0 s\u2019organiser en coop\u00e9ratives, a-t-il ajout\u00e9.<br \/>\u00c9voquant la question des ports secs, le pr\u00e9sident de la R\u00e9publique a point\u00e9 du doigt les risques que repr\u00e9sentent certaines, dans leur \u00e9tat actuel, pour la s\u00e9curit\u00e9 et la souverainet\u00e9 nationales, ainsi que pour le Tr\u00e9sor public. \u00c0 cet effet, il enjoint au Gouvernement de proc\u00e9der \u00e0 la fermeture imm\u00e9diate des ports secs non autoris\u00e9s, et de faire obligation \u00e0 ceux autoris\u00e9s de se doter de scanners pour faciliter le contr\u00f4le par les douanes.<br \/>Le Pr\u00e9sident a \u00e9galement charg\u00e9 le Gouvernement de r\u00e9organiser ce secteur et de l\u2019annexer aux ports nationaux, en vue de garantir le service de maintenance apr\u00e8s-vente, la s\u00e9curit\u00e9 et la souverainet\u00e9 nationales, et de mettre un terme au gaspillage de la devise.<br \/>Par la suite, le ministre de l\u2019Industrie et des Mines a pr\u00e9sent\u00e9 un expos\u00e9 sur l\u2019importation des intrants et des \u00e9quipements industriels, laquelle a enregistr\u00e9 une augmentation record durant ces derni\u00e8res ann\u00e9es, sans un quelconque impact positif sur la croissance du Produit national brut.<br \/>Les importations du pays en produits industrialis\u00e9s, destin\u00e9s \u00e0 l\u2019investissement et \u00e0 la consommation, ont atteint, selon l\u2019expos\u00e9, Douze (12) milliards USD, avec une exon\u00e9ration permanente et injustifi\u00e9e de taxes douani\u00e8res, d\u2019o\u00f9 l\u2019imp\u00e9ratif de r\u00e9formes structurelles urgentes, dont l\u2019annulation de l\u2019exon\u00e9ration de certaines taxes pour corriger les dysfonctionnements, et r\u00e9aliser, ainsi, une \u00e9conomie de quatre (4) milliards USD de montants transf\u00e9r\u00e9s, en plus de 250 milliards de DA au titre des droits du Tr\u00e9sor public.<br \/>Afin de r\u00e9duire la facture d\u2019importation des carburants, du fer et de l\u2019acier, et des mati\u00e8res plastiques, le minist\u00e8re s\u2019attelle \u00e0 examiner les moyens d\u2019\u00e9laborer une base de donn\u00e9es des mati\u00e8res brutes et produits semi-industrialis\u00e9s sur le march\u00e9 international, d\u2019acc\u00e9l\u00e9rer la relance de l\u2019activit\u00e9 mini\u00e8re, et de d\u00e9gager des espaces pr\u00eats pour l\u2019exploitation et l\u2019exploration, \u00e0 travers notamment des projets conjoints avec financements \u00e9trangers. Il a \u00e9t\u00e9 d\u00e9cid\u00e9, en outre, de se passer des bureaux d\u2019\u00e9tudes \u00e9trangers lorsque l\u2019exp\u00e9rience locale peut r\u00e9pondre aux besoins, de renforcer la coordination avec les secteurs concern\u00e9s par le dossier du fret maritime de et vers l\u2019Alg\u00e9rie, et d\u2019\u00e9vacuer les op\u00e9rateurs \u00e9trangers des ports secs alg\u00e9riens.<br \/>Ces mesures permettront de r\u00e9duire la facture d\u2019importation \u00e0 hauteur de six (6) milliards USD.<br \/>Commentant cet expos\u00e9, M. Tebboune a soulign\u00e9 la n\u00e9cessit\u00e9 d&rsquo;acc\u00e9l\u00e9rer la mise en \u0153uvre du plan industriel propos\u00e9 dans le cadre d&rsquo;un d\u00e9veloppement national \u00e9quilibr\u00e9, afin que le citoyen puisse ressentir sur le terrain un v\u00e9ritable d\u00e9but de changement en ad\u00e9quation avec ses ambitions et aspirations.<\/p>\n<p>Il a en outre ordonn\u00e9 de prendre un certain nombre de mesures, dont le recours \u00e0 des comp\u00e9tences qualifi\u00e9es en mati\u00e8re de gestion, tout en \u00e9vitant les interm\u00e9diaires dans l&rsquo;importation des mati\u00e8res brutes, et le parach\u00e8vement dans les plus brefs d\u00e9lais de l&rsquo;\u00e9laboration des cahiers des charges pour l&rsquo;importation de tous les v\u00e9hicules neufs, tous types confondus, et leur publication successive.<br \/>\u00c0 ce titre, le pr\u00e9sident de la R\u00e9publique a exig\u00e9 que l&rsquo;importation de ces v\u00e9hicules soit en provenance du pays d&rsquo;origine, avec lequel l&rsquo;Alg\u00e9rie partage des int\u00e9r\u00eats communs clairs et que l&rsquo;importateur soit sp\u00e9cialis\u00e9 en la mati\u00e8re et apporte toutes les garanties de protection de l&rsquo;\u00e9conomie nationale des pratiques n\u00e9gatives du pass\u00e9.<br \/>Le ministre de l\u2019Agriculture et du D\u00e9veloppement rural a, quant \u00e0 lui, pr\u00e9sent\u00e9 un expos\u00e9 relatif \u00e0 l\u2019organisation juridique de l\u2019Office de D\u00e9veloppement de l\u2019Agriculture industrielle en Terres sahariennes, conform\u00e9ment aux d\u00e9cisions du Conseil des ministres du 03 mai 2020. Il a, dans ce cadre, mis en exergue le r\u00f4le strat\u00e9gique de l\u2019Office qui aura pour mission de d\u00e9velopper et promouvoir les cultures industrielles strat\u00e9giques sur les terres sahariennes, notamment les c\u00e9r\u00e9ales, dont le ma\u00efs, et les industries sucri\u00e8re et ol\u00e9agineuse.<br \/>Cette d\u00e9marche intervient en ex\u00e9cution des engagements de Monsieur le Pr\u00e9sident de la R\u00e9publique de r\u00e9duire la facture d\u2019importation, et de rendre disponibles les mati\u00e8res premi\u00e8res brutes n\u00e9cessaires \u00e0 la production des denr\u00e9es de large consommation, \u00e0 travers l\u2019exploitation des potentialit\u00e9s qu\u2019offre l\u2019agriculture saharienne, pour augmenter les capacit\u00e9s agricoles du pays et assurer la s\u00e9curit\u00e9 alimentaire.<br \/>L\u2019Office, dont le si\u00e8ge sera \u00e9tabli au sud du pays, aura \u00e0 simplifier les proc\u00e9dures et \u00e0 accompagner les investisseurs et porteurs de projets structurants et int\u00e9gr\u00e9s.<br \/>Il se chargera \u00e9galement d\u2019accompagner les porteurs de grands projets d\u2019investissements agricoles qui permettent de d\u00e9velopper les cultures industrielles strat\u00e9giques, destin\u00e9es \u00e0 remplacer les mati\u00e8res premi\u00e8res import\u00e9es massivement par les op\u00e9rateurs \u00e9conomiques. Au terme de cet expos\u00e9, le pr\u00e9sident de la R\u00e9publique a rappel\u00e9 la n\u00e9cessit\u00e9 de garder en vue l\u2019objectif \u00e9conomique national de la cr\u00e9ation de cet Office, \u00e0 savoir s\u2019affranchir le plus t\u00f4t possible de\u2008l\u2019importation des cultures sucri\u00e8res, des ol\u00e9agineuses et du ma\u00efs, pour \u00e9conomiser la devise, insistant sur l\u2019imp\u00e9ratif de d\u00e9terminer les droits et obligations des parties op\u00e9rant avec l\u2019Office de D\u00e9veloppement de l\u2019Agriculture industrielle en Terres sahariennes, suivant un cahier des charges pr\u00e9cis. Par la suite, le ministre du Commerce a donn\u00e9 un expos\u00e9 sur la situation des importations des produits agricoles et des mesures prises par son D\u00e9partement pour prot\u00e9ger la production agricole nationale.<br \/>Il a ainsi pass\u00e9 en revue la structure des importations agricoles, notamment les viandes, les fruits et l\u00e9gumes, le lait, le bl\u00e9, l\u2019orge et le ma\u00efs.<br \/>Le ministre a, dans ce cadre, \u00e9num\u00e9r\u00e9 les mesures propos\u00e9es pour prot\u00e9ger la production agricole, comme celle d\u2019\u00e9largir la liste des produits soumis au Droit Additionnel Provisoire de Sauvegarde (DAPS), de soumettre l\u2019activit\u00e9 d\u2019importation au principe de sp\u00e9cialisation et de souscription au cahier des charges, de num\u00e9riser le commerce ext\u00e9rieur et le fichier national des industries agricoles, et enfin de bien analyser la structure des importations pour d\u00e9finir la nomenclature des produits dont l\u2019importation peut \u00eatre r\u00e9duite avec un renforcement de la lutte contre la surfacturation, et la mise en place d&rsquo;une strat\u00e9gie nationale d&rsquo;exportation.<br \/>Intervenant, au terme de cet expos\u00e9, le Pr\u00e9sident a ordonn\u00e9 l\u2019interdiction totale de l\u2019importation des produits agricoles pendant la saison de cueillette, et ce afin de prot\u00e9ger la production nationale, ainsi que le durcissement du contr\u00f4le sur les fruits import\u00e9s, en vue d\u2019\u00e9viter la surfacturation et de s\u2019assurer de la qualit\u00e9 pour la pr\u00e9servation de la sant\u00e9 du citoyen.<br \/>Le Pr\u00e9sident a, en outre, insist\u00e9 sur davantage de r\u00e9duction de la facture d\u2019importation, sans toutefois cr\u00e9er de p\u00e9nurie sur le march\u00e9, et ordonn\u00e9 un recensement exhaustif des cheptels en recourant \u00e0 l\u2019imagerie a\u00e9rienne, afin de cr\u00e9er une base de donn\u00e9es qui nous permettra de ma\u00eetriser ces cheptels et d\u2019assurer, ainsi, l\u2019approvisionnement du march\u00e9 en quantit\u00e9s indispensables de viandes.<br \/>Pour sa part, le ministre de la Sant\u00e9, de la Population et de la R\u00e9forme hospitali\u00e8re a pr\u00e9sent\u00e9 un expos\u00e9 sur l\u2019\u00e9volution de la situation sanitaire nationale li\u00e9es au Covid-19, ainsi que sur les dispositions prises pour la juguler.<br \/>Gr\u00e2ce \u00e0 ces dispositions, des indicateurs positifs ont pu \u00eatre enregistr\u00e9s, comme la\u2008baisse du niveau d\u2019occupation des lits r\u00e9serv\u00e9s aux malades du Covid-19 en r\u00e9animation, la baisse sensible et constante du nombre de d\u00e9c\u00e8s, et l\u2019augmentation des cas de r\u00e9tablissement qui se situent \u00e0 hauteur de 98,02%.\u00a0 Toutefois, le Comit\u00e9 scientifique de suivi de l\u2019\u00e9volution de la pand\u00e9mie a recommand\u00e9 la poursuite de l\u2019application stricte des gestes barri\u00e8res afin de contenir les cas isol\u00e9s, a soulign\u00e9 le ministre.<br \/>Dans son intervention, le pr\u00e9sident de la R\u00e9publique a enjoint le ministre concern\u00e9 de durcir le contr\u00f4le sanitaire \u00e0 travers le territoire national et de se d\u00e9placer, si n\u00e9cessaire, en vue de s\u2019enqu\u00e9rir de la situation sur place dans le but de pallier les besoins qui pourraient \u00eatre provoqu\u00e9s par un manque inadmissible d\u2019un h\u00f4pital donn\u00e9, en \u00e9quipements m\u00e9dicaux disponibles, en quantit\u00e9s suffisantes au niveau de la Pharmacie centrale des h\u00f4pitaux (PCH), afin de faire face \u00e0 toutes les demandes.<br \/>Le Pr\u00e9sident a \u00e9galement ordonn\u00e9 le durcissement du contr\u00f4le dans certains h\u00f4pitaux qui seraient, selon les m\u00e9dias, en surcharge et o\u00f9 des cas de patients non pris en charge seraient enregistr\u00e9s.<br \/>\u00c0 ce propos, le Pr\u00e9sident a instruit de mettre un avion \u00e0 la disposition du minist\u00e8re en vue de son d\u00e9placement, \u00e0 tout moment sur les lieux, afin de s\u2019assurer des informations relay\u00e9es ici et l\u00e0.<br \/>Avant la lev\u00e9e de la s\u00e9ance et l\u2019approbation de d\u00e9cisions individuelles relatives \u00e0 la nomination dans des postes sup\u00e9rieurs, le pr\u00e9sident de la R\u00e9publique a donn\u00e9 des instructions pour davantage de coordination dans l\u2019action du Gouvernement et le contact direct avec les citoyens, car les bonnes intentions, a-t-il soulign\u00e9, ne suffisent pas pour maintenir la confiance du citoyen, si elles ne sont pas concr\u00e8tes sur le terrain.<br \/>R\u00e9affirmant sa position de refus de l\u2019endettement ext\u00e9rieur par souci de pr\u00e9server la dignit\u00e9 et la souverainet\u00e9 nationale, le Pr\u00e9sident a exhort\u00e9 le Gouvernement \u00e0 plus de pers\u00e9v\u00e9rance et de rigueur dans la gestion, \u00e0 r\u00e9duire les importations pour pr\u00e9server les r\u00e9serves de changes et de tirer profit de la r\u00e9cession \u00e9conomique par laquelle passent certains pays d\u00e9velopp\u00e9s pour acqu\u00e9rir des usines d&rsquo;occasion en bon \u00e9tat, \u00e0 des prix accessibles et rentables dans l\u2019imm\u00e9diat.<br \/>\u00c0 noter que l\u2019examen du dossier de l\u2019Enseignement sup\u00e9rieur et de la Recherche scientifique a \u00e9t\u00e9 report\u00e9 jusqu\u2019\u00e0 l\u2019\u00e9tude du dossier de la prochaine rentr\u00e9e universitaire.\u00bb<\/p>\n<p>Auteur: elmoudjahid<br \/>\n<a href=\"http:\/\/www.elmoudjahid.com\/fr\/actualites\/154954\">Cliquez ici pour lire l&rsquo;article depuis sa source.<\/a><\/p>\n","protected":false},"excerpt":{"rendered":"<p>Le Conseil des ministres a tenu, hier, par visioconf\u00e9rence, sa r\u00e9union p\u00e9riodique, pr\u00e9sid\u00e9e par M. Abdelmadjid Tebboune, Pr\u00e9sident de la R\u00e9publique, Chef supr\u00eame des Forces arm\u00e9es,\u00a0 ministre de la D\u00e9fense nationale.En voici la traduction : \u00abLe Conseil des ministres a tenu, ce dimanche 14 juin 2020, par visioconf\u00e9rence, sa r\u00e9union p\u00e9riodique, pr\u00e9sid\u00e9e par M. Abdelmadjid [&hellip;]<\/p>\n","protected":false},"author":1744,"featured_media":0,"comment_status":"closed","ping_status":"closed","sticky":false,"template":"","format":"standard","meta":{"fifu_image_url":"","fifu_image_alt":"","footnotes":""},"categories":[73,53],"tags":[],"class_list":["post-89067","post","type-post","status-publish","format-standard","hentry","category-actualite","category-algerie"],"_links":{"self":[{"href":"https:\/\/linitiative.ca\/International\/wp-json\/wp\/v2\/posts\/89067","targetHints":{"allow":["GET"]}}],"collection":[{"href":"https:\/\/linitiative.ca\/International\/wp-json\/wp\/v2\/posts"}],"about":[{"href":"https:\/\/linitiative.ca\/International\/wp-json\/wp\/v2\/types\/post"}],"author":[{"embeddable":true,"href":"https:\/\/linitiative.ca\/International\/wp-json\/wp\/v2\/users\/1744"}],"replies":[{"embeddable":true,"href":"https:\/\/linitiative.ca\/International\/wp-json\/wp\/v2\/comments?post=89067"}],"version-history":[{"count":0,"href":"https:\/\/linitiative.ca\/International\/wp-json\/wp\/v2\/posts\/89067\/revisions"}],"wp:attachment":[{"href":"https:\/\/linitiative.ca\/International\/wp-json\/wp\/v2\/media?parent=89067"}],"wp:term":[{"taxonomy":"category","embeddable":true,"href":"https:\/\/linitiative.ca\/International\/wp-json\/wp\/v2\/categories?post=89067"},{"taxonomy":"post_tag","embeddable":true,"href":"https:\/\/linitiative.ca\/International\/wp-json\/wp\/v2\/tags?post=89067"}],"curies":[{"name":"wp","href":"https:\/\/api.w.org\/{rel}","templated":true}]}}