{"id":89071,"date":"2020-06-15T10:51:10","date_gmt":"2020-06-15T14:51:10","guid":{"rendered":"https:\/\/linitiative.ca\/International\/106215-jm-oran-2022-la-finale-du-tournoi-de-football-au-stade-ahmed-zabana\/"},"modified":"2020-06-15T10:51:10","modified_gmt":"2020-06-15T14:51:10","slug":"106215-jm-oran-2022-la-finale-du-tournoi-de-football-au-stade-ahmed-zabana","status":"publish","type":"post","link":"https:\/\/linitiative.ca\/International\/106215-jm-oran-2022-la-finale-du-tournoi-de-football-au-stade-ahmed-zabana\/","title":{"rendered":"JM Oran-2022 : la finale du tournoi de football au stade Ahmed-Zabana"},"content":{"rendered":"<div readability=\"36\">\n<p><strong>ORAN- La finale du tournoi de football des Jeux m\u00e9diterran\u00e9ens (JM) Oran-2022 aura lieu au stade Ahmed-Zabana et non au stade de 40.000 places relevant du complexe olympique en cours de r\u00e9alisation dans la commune de Bir El Djir, a appris l&rsquo;APS lundi aupr\u00e8s du comit\u00e9 d\u2019organisation des jeux .<\/strong><\/p>\n<\/div>\n<div readability=\"72.5\">\n<p>En perspective de cette manifestation, le stade Ahmed-Zabana, l\u2019une des plus anciennes enceintes footballistiques du pays, fait l\u2019objet depuis quelques mois de vastes op\u00e9rations de r\u00e9habilitation touchant tous ses \u00e9quipements, assure-t-on de m\u00eame source.<\/p>\n<blockquote readability=\"10\">\n<p><em><strong>Cette infrastructure, dont la capacit\u00e9 d&rsquo;accueil avoisine les 30.000 places, fait partie \u00e9galement de cinq stades du pays devant b\u00e9n\u00e9ficier d\u2019une pelouse en gazon naturel au lieu et place de leurs pelouses actuelles en gazon synth\u00e9tique ou en gazon naturel mais dans un piteux \u00e9tat. Une op\u00e9ration annonc\u00e9e il y a quelques mois par le minist\u00e8re de la Jeunesse et des Sports.<\/strong><\/em><\/p>\n<\/blockquote>\n<p>Situ\u00e9 au quartier populaire d\u2019El-Hamri, le stade Zabana, le jardin pr\u00e9f\u00e9r\u00e9 du club phare de la ville, le MC Oran, est le mieux indiqu\u00e9 pour assurer une affluence nombreuse lors de la finale du tournoi de football des JM, assure encore le comit\u00e9 d\u2019organisation, pr\u00e9cisant que le nouveau stade de<\/p>\n<blockquote readability=\"9\">\n<p><em><strong>40.000 places sera r\u00e9serv\u00e9 aux c\u00e9r\u00e9monies d\u2019ouverture et de cl\u00f4ture, ainsi qu\u2019aux \u00e9preuves d\u2019athl\u00e9tisme, l\u2019une des plus importantes disciplines inscrites dans le programme du rendez-vous m\u00e9diterran\u00e9en comportant 24 sports.<\/strong><\/em><\/p>\n<\/blockquote>\n<p>En revanche, le nouveau stade de Sig (wilaya de Mascara), d&rsquo;une capacit\u00e9 d&rsquo;accueil de 20.000 places, et qui est dot\u00e9 d\u2019une pelouse en gazon naturel, abritera des rencontres de football dans le cadre de la 19e \u00e9dition des JM, informe-t-on de m\u00eame source.<\/p>\n<p>A souligner que le tournoi de football des JM sera d\u00e9di\u00e9 exclusivement aux joueurs des moins de 20 ans. Le v\u0153u du comit\u00e9 d\u2019organisation d\u2019y faire participer les \u00e9quipes des moins de 23 ans, comme c\u2019est le cas pour les Jeux olympiques, n&rsquo;a pas \u00e9t\u00e9 exauc\u00e9 par le comit\u00e9 international de cette manifestation sportive r\u00e9gionale, pr\u00e9vue initialement pour l\u2019\u00e9t\u00e9 2021 avant qu\u2019elle ne soit report\u00e9e \u00e0 l\u2019\u00e9t\u00e9 suivant (25 juin-5 juillet 2022).<\/p>\n<\/div>\n<p>Auteur:<br \/>\n<a href=\"http:\/\/www.aps.dz\/sport\/106215-jm-oran-2022-la-finale-du-tournoi-de-football-au-stade-ahmed-zabana?utm_source=feedburner&#038;utm_medium=feed&#038;utm_campaign=Feed%3A+aps-sport+%28APS+-+SPORT%29\">Cliquez ici pour lire l&rsquo;article depuis sa source.<\/a><\/p>\n","protected":false},"excerpt":{"rendered":"<p>ORAN- La finale du tournoi de football des Jeux m\u00e9diterran\u00e9ens (JM) Oran-2022 aura lieu au stade Ahmed-Zabana et non au stade de 40.000 places relevant du complexe olympique en cours de r\u00e9alisation dans la commune de Bir El Djir, a appris l&rsquo;APS lundi aupr\u00e8s du comit\u00e9 d\u2019organisation des jeux . En perspective de cette manifestation, [&hellip;]<\/p>\n","protected":false},"author":1790,"featured_media":0,"comment_status":"closed","ping_status":"closed","sticky":false,"template":"","format":"standard","meta":{"fifu_image_url":"","fifu_image_alt":"","footnotes":""},"categories":[53,75],"tags":[],"class_list":["post-89071","post","type-post","status-publish","format-standard","hentry","category-algerie","category-sport"],"_links":{"self":[{"href":"https:\/\/linitiative.ca\/International\/wp-json\/wp\/v2\/posts\/89071","targetHints":{"allow":["GET"]}}],"collection":[{"href":"https:\/\/linitiative.ca\/International\/wp-json\/wp\/v2\/posts"}],"about":[{"href":"https:\/\/linitiative.ca\/International\/wp-json\/wp\/v2\/types\/post"}],"author":[{"embeddable":true,"href":"https:\/\/linitiative.ca\/International\/wp-json\/wp\/v2\/users\/1790"}],"replies":[{"embeddable":true,"href":"https:\/\/linitiative.ca\/International\/wp-json\/wp\/v2\/comments?post=89071"}],"version-history":[{"count":0,"href":"https:\/\/linitiative.ca\/International\/wp-json\/wp\/v2\/posts\/89071\/revisions"}],"wp:attachment":[{"href":"https:\/\/linitiative.ca\/International\/wp-json\/wp\/v2\/media?parent=89071"}],"wp:term":[{"taxonomy":"category","embeddable":true,"href":"https:\/\/linitiative.ca\/International\/wp-json\/wp\/v2\/categories?post=89071"},{"taxonomy":"post_tag","embeddable":true,"href":"https:\/\/linitiative.ca\/International\/wp-json\/wp\/v2\/tags?post=89071"}],"curies":[{"name":"wp","href":"https:\/\/api.w.org\/{rel}","templated":true}]}}