{"id":89072,"date":"2020-06-15T11:36:00","date_gmt":"2020-06-15T15:36:00","guid":{"rendered":"https:\/\/linitiative.ca\/International\/fares-mesdour-este-en-justice\/"},"modified":"2020-06-15T11:36:00","modified_gmt":"2020-06-15T15:36:00","slug":"fares-mesdour-este-en-justice","status":"publish","type":"post","link":"https:\/\/linitiative.ca\/International\/fares-mesdour-este-en-justice\/","title":{"rendered":"Far\u00e8s Mesdour est\u00e9 en justice"},"content":{"rendered":"<p><br id=\"sep_para_1\" class=\"sep_para access\"\/><\/p>\n<div id=\"para_1\" class=\"para_37447885 resize\">\n<div class=\"texte access firstletter\">Le pr\u00e9sident du Comit\u00e9 d\u2019experts charg\u00e9 de la r\u00e9vision constitutionnelle, Ahmed Laraba, a r\u00e9agi, dimanche, aux propos de Far\u00e8s Mesdour tenus contre lui. Dans un communiqu\u00e9 rendu public Laraba a d\u00e9menti les propos de Mesdour et a menac\u00e9 de saisir la justice. \u00ab Suite aux d\u00e9clarations provocatrices et irresponsables faites par M. Far\u00e8s Mesdour sur la cha\u00eene Beur TV mardi 9 juin 2020 \u00e0 21h et qui touchent \u00e0 ma personne et mon honneur en ma qualit\u00e9 de pr\u00e9sident de la commission d\u2019experts pour la r\u00e9vision constitutionnelle, je d\u00e9mens formellement ses propos et d\u00e9nonce son adh\u00e9sion \u00e0 la campagne qui me vise, avec la d\u00e9cision d\u2019user de mon droit \u00e0 engager des poursuites judiciaires \u00e0 son encontre \u00bb, lit-on dans le communiqu\u00e9 de Laraba. Lors d\u2019une \u00e9mission t\u00e9l\u00e9vision sur la cha\u00eene Beur TV, Mesdour a indiqu\u00e9 que Laraba \u00ab porte une hostilit\u00e9 \u00e0 l\u2019\u00e9gard de l\u2019identit\u00e9 alg\u00e9rienne arabe, musulmane et amazighe \u00bb.<\/div>\n<\/div>\n<p>Auteur: R\u00e9flexion<br \/>\n<a href=\"https:\/\/www.reflexiondz.net\/Fares-Mesdour-este-en-justice_a63388.html\">Cliquez ici pour lire l&rsquo;article depuis sa source.<\/a><\/p>\n","protected":false},"excerpt":{"rendered":"<p>Le pr\u00e9sident du Comit\u00e9 d\u2019experts charg\u00e9 de la r\u00e9vision constitutionnelle, Ahmed Laraba, a r\u00e9agi, dimanche, aux propos de Far\u00e8s Mesdour tenus contre lui. Dans un communiqu\u00e9 rendu public Laraba a d\u00e9menti les propos de Mesdour et a menac\u00e9 de saisir la justice. \u00ab Suite aux d\u00e9clarations provocatrices et irresponsables faites par M. Far\u00e8s Mesdour sur [&hellip;]<\/p>\n","protected":false},"author":1740,"featured_media":0,"comment_status":"closed","ping_status":"closed","sticky":false,"template":"","format":"standard","meta":{"fifu_image_url":"","fifu_image_alt":"","footnotes":""},"categories":[53,76],"tags":[],"class_list":["post-89072","post","type-post","status-publish","format-standard","hentry","category-algerie","category-regions"],"_links":{"self":[{"href":"https:\/\/linitiative.ca\/International\/wp-json\/wp\/v2\/posts\/89072","targetHints":{"allow":["GET"]}}],"collection":[{"href":"https:\/\/linitiative.ca\/International\/wp-json\/wp\/v2\/posts"}],"about":[{"href":"https:\/\/linitiative.ca\/International\/wp-json\/wp\/v2\/types\/post"}],"author":[{"embeddable":true,"href":"https:\/\/linitiative.ca\/International\/wp-json\/wp\/v2\/users\/1740"}],"replies":[{"embeddable":true,"href":"https:\/\/linitiative.ca\/International\/wp-json\/wp\/v2\/comments?post=89072"}],"version-history":[{"count":0,"href":"https:\/\/linitiative.ca\/International\/wp-json\/wp\/v2\/posts\/89072\/revisions"}],"wp:attachment":[{"href":"https:\/\/linitiative.ca\/International\/wp-json\/wp\/v2\/media?parent=89072"}],"wp:term":[{"taxonomy":"category","embeddable":true,"href":"https:\/\/linitiative.ca\/International\/wp-json\/wp\/v2\/categories?post=89072"},{"taxonomy":"post_tag","embeddable":true,"href":"https:\/\/linitiative.ca\/International\/wp-json\/wp\/v2\/tags?post=89072"}],"curies":[{"name":"wp","href":"https:\/\/api.w.org\/{rel}","templated":true}]}}