{"id":89073,"date":"2020-06-15T11:36:00","date_gmt":"2020-06-15T15:36:00","guid":{"rendered":"https:\/\/linitiative.ca\/International\/el-bouchi-condamne-a-4-annees-de-prison-ferme\/"},"modified":"2020-06-15T11:36:00","modified_gmt":"2020-06-15T15:36:00","slug":"el-bouchi-condamne-a-4-annees-de-prison-ferme","status":"publish","type":"post","link":"https:\/\/linitiative.ca\/International\/el-bouchi-condamne-a-4-annees-de-prison-ferme\/","title":{"rendered":"El Bouchi condamn\u00e9  \u00e0 4 ann\u00e9es de prison ferme"},"content":{"rendered":"<p><br id=\"sep_para_1\" class=\"sep_para access\"\/><\/p>\n<div id=\"para_1\" class=\"para_37447890 resize\">\n<div class=\"texte access firstletter\">La Cour d\u2019Alger a rendu dimanche\u00a0 son verdict\u00a0 dans le proc\u00e8s en appel de Kamal Chikhi dit \u00ab El Bouchi \u00bb condamn\u00e9 \u00e0 4 ans de prison ferme et\u00a0 une amende\u00a0\u00a0 de 1 million de dinars. Accus\u00e9 de \u00ab corruption \u00bb\u00a0 et\u00a0 \u00ab d\u2019obtention\u00a0 de privil\u00e8ges indus \u00bb, celui par qui les malheurs du tout puissant g\u00e9n\u00e9ral\u00a0 Abdelghani Hamel ont commenc\u00e9, a \u00e9t\u00e9 condamn\u00e9 en premi\u00e8re instance \u00e0 8 ans de prison ferme. Le m\u00eame verdict est prononc\u00e9 dans la m\u00eame affaire contre l\u2019ex-maire de Ben Aknoun, Kamel Bouaraba, qui a \u00e9cop\u00e9 d\u2019une peine de 4 ans de prison , assortie d\u2019une amende de 1 million de dinars. Le fils de l\u2019ex-wali de Relizane, Djamel Eddine Lemhel s\u2019est vu infliger\u00a0 pour sa part 2 ann\u00e9es de prison ferme\u00a0 et 200.000 dinars d\u2019amende par le juge qui a \u00e9galement condamn\u00e9 l\u2019ex-chauffeur de la famille Hamel, Ali Ben Zehira\u00a0 \u00e0 3 ans de prison ferme et 200.000 dinars d\u2019amende.<\/div>\n<\/div>\n<p>Auteur: R\u00e9flexion<br \/>\n<a href=\"https:\/\/www.reflexiondz.net\/El-Bouchi-condamne-a-4-annees-de-prison-ferme_a63390.html\">Cliquez ici pour lire l&rsquo;article depuis sa source.<\/a><\/p>\n","protected":false},"excerpt":{"rendered":"<p>La Cour d\u2019Alger a rendu dimanche\u00a0 son verdict\u00a0 dans le proc\u00e8s en appel de Kamal Chikhi dit \u00ab El Bouchi \u00bb condamn\u00e9 \u00e0 4 ans de prison ferme et\u00a0 une amende\u00a0\u00a0 de 1 million de dinars. Accus\u00e9 de \u00ab corruption \u00bb\u00a0 et\u00a0 \u00ab d\u2019obtention\u00a0 de privil\u00e8ges indus \u00bb, celui par qui les malheurs du tout [&hellip;]<\/p>\n","protected":false},"author":1740,"featured_media":0,"comment_status":"closed","ping_status":"closed","sticky":false,"template":"","format":"standard","meta":{"fifu_image_url":"","fifu_image_alt":"","footnotes":""},"categories":[53,76],"tags":[],"class_list":["post-89073","post","type-post","status-publish","format-standard","hentry","category-algerie","category-regions"],"_links":{"self":[{"href":"https:\/\/linitiative.ca\/International\/wp-json\/wp\/v2\/posts\/89073","targetHints":{"allow":["GET"]}}],"collection":[{"href":"https:\/\/linitiative.ca\/International\/wp-json\/wp\/v2\/posts"}],"about":[{"href":"https:\/\/linitiative.ca\/International\/wp-json\/wp\/v2\/types\/post"}],"author":[{"embeddable":true,"href":"https:\/\/linitiative.ca\/International\/wp-json\/wp\/v2\/users\/1740"}],"replies":[{"embeddable":true,"href":"https:\/\/linitiative.ca\/International\/wp-json\/wp\/v2\/comments?post=89073"}],"version-history":[{"count":0,"href":"https:\/\/linitiative.ca\/International\/wp-json\/wp\/v2\/posts\/89073\/revisions"}],"wp:attachment":[{"href":"https:\/\/linitiative.ca\/International\/wp-json\/wp\/v2\/media?parent=89073"}],"wp:term":[{"taxonomy":"category","embeddable":true,"href":"https:\/\/linitiative.ca\/International\/wp-json\/wp\/v2\/categories?post=89073"},{"taxonomy":"post_tag","embeddable":true,"href":"https:\/\/linitiative.ca\/International\/wp-json\/wp\/v2\/tags?post=89073"}],"curies":[{"name":"wp","href":"https:\/\/api.w.org\/{rel}","templated":true}]}}