{"id":89074,"date":"2020-06-15T11:36:00","date_gmt":"2020-06-15T15:36:00","guid":{"rendered":"https:\/\/linitiative.ca\/International\/vers-le-retour-de-raouraoua-a-la-faf\/"},"modified":"2020-06-15T11:36:00","modified_gmt":"2020-06-15T15:36:00","slug":"vers-le-retour-de-raouraoua-a-la-faf","status":"publish","type":"post","link":"https:\/\/linitiative.ca\/International\/vers-le-retour-de-raouraoua-a-la-faf\/","title":{"rendered":"Vers le retour  de Raouraoua  \u00e0 la FAF ?"},"content":{"rendered":"<p><br id=\"sep_para_1\" class=\"sep_para access\"\/><\/p>\n<div id=\"para_1\" class=\"para_37447882 resize\">\n<div class=\"texte access firstletter\">\u2018\u2019Naturellement, et comme le veut la coutume en Alg\u00e9rie, Kheireddine Zetchi ne se contentera pas d\u2019un seul mandat \u00e0 la t\u00eate de la F\u00e9d\u00e9ration alg\u00e9rienne de football (FAF). L\u2019actuel patron de l\u2019instance a un programme \u00e0 terminer. Toutefois, ses plans sont en train d\u2019\u00eatre contrari\u00e9s depuis un certain temps\u2019\u2019, r\u00e9v\u00e8le le quotidien Reporters. On croit comprendre que Mohamed Raouraoua, son pr\u00e9d\u00e9cesseur, compte reprendre le tr\u00f4ne. Et il semble avoir des m\u00e9canismes fiables pour arriver \u00e0 ses fins. Selon la source, Zetchi voulait faire passer une loi qui limite les mandats de pr\u00e9sidence de la FAF \u00e0 deux mandats de 4 ans mais -surtout- une autre interdisant \u00e0 une personne de plus de 70 ans de postuler pour la fonction supr\u00eame \u00e0 la t\u00eate de football alg\u00e9rien. Cette d\u00e9marche a \u00e9t\u00e9 gel\u00e9e par le Minist\u00e8re de la Jeunesse et des Sports (MJS) qui a \u00ab formellement interdit de proc\u00e9der \u00e0 la moindre modification dans leurs r\u00e8glements int\u00e9rieurs \u00e0 l\u2019approche des assembl\u00e9es g\u00e9n\u00e9rales \u00e9lectives \u00bb offrant, par cons\u00e9quent, un sursis \u00e0 Raouraoua (72 ans). La source ajoute que \u2018\u2019on ne peut rien affirmer mais on va dire que l\u2019ex-boss de la balle ronde Dz semble avoir le vent favorable. En tout cas, le MJS a insist\u00e9 sur le fait que la notification concerne toutes les structures sportives et ne visait pas la FAF particuli\u00e8rement. Cependant, l\u2019intention de Raouraoua de revenir est presque \u00e9vidente. Lui qui a d\u00fb c\u00e9der son fauteuil en 2017 pour Zetchi qui avait, il faut le rappeler, l\u2019appui manifeste des d\u00e9cideurs \u00e0 l\u2019\u00e9poque, pr\u00e9cise la m\u00eame source.<\/div>\n<\/div>\n<p>Auteur: R\u00e9flexion<br \/>\n<a href=\"https:\/\/www.reflexiondz.net\/Vers-le-retour-de-Raouraoua-a-la-FAF_a63387.html\">Cliquez ici pour lire l&rsquo;article depuis sa source.<\/a><\/p>\n","protected":false},"excerpt":{"rendered":"<p>\u2018\u2019Naturellement, et comme le veut la coutume en Alg\u00e9rie, Kheireddine Zetchi ne se contentera pas d\u2019un seul mandat \u00e0 la t\u00eate de la F\u00e9d\u00e9ration alg\u00e9rienne de football (FAF). L\u2019actuel patron de l\u2019instance a un programme \u00e0 terminer. Toutefois, ses plans sont en train d\u2019\u00eatre contrari\u00e9s depuis un certain temps\u2019\u2019, r\u00e9v\u00e8le le quotidien Reporters. On croit [&hellip;]<\/p>\n","protected":false},"author":1740,"featured_media":0,"comment_status":"closed","ping_status":"closed","sticky":false,"template":"","format":"standard","meta":{"fifu_image_url":"","fifu_image_alt":"","footnotes":""},"categories":[53,76],"tags":[],"class_list":["post-89074","post","type-post","status-publish","format-standard","hentry","category-algerie","category-regions"],"_links":{"self":[{"href":"https:\/\/linitiative.ca\/International\/wp-json\/wp\/v2\/posts\/89074","targetHints":{"allow":["GET"]}}],"collection":[{"href":"https:\/\/linitiative.ca\/International\/wp-json\/wp\/v2\/posts"}],"about":[{"href":"https:\/\/linitiative.ca\/International\/wp-json\/wp\/v2\/types\/post"}],"author":[{"embeddable":true,"href":"https:\/\/linitiative.ca\/International\/wp-json\/wp\/v2\/users\/1740"}],"replies":[{"embeddable":true,"href":"https:\/\/linitiative.ca\/International\/wp-json\/wp\/v2\/comments?post=89074"}],"version-history":[{"count":0,"href":"https:\/\/linitiative.ca\/International\/wp-json\/wp\/v2\/posts\/89074\/revisions"}],"wp:attachment":[{"href":"https:\/\/linitiative.ca\/International\/wp-json\/wp\/v2\/media?parent=89074"}],"wp:term":[{"taxonomy":"category","embeddable":true,"href":"https:\/\/linitiative.ca\/International\/wp-json\/wp\/v2\/categories?post=89074"},{"taxonomy":"post_tag","embeddable":true,"href":"https:\/\/linitiative.ca\/International\/wp-json\/wp\/v2\/tags?post=89074"}],"curies":[{"name":"wp","href":"https:\/\/api.w.org\/{rel}","templated":true}]}}