{"id":89075,"date":"2020-06-15T11:36:00","date_gmt":"2020-06-15T15:36:00","guid":{"rendered":"https:\/\/linitiative.ca\/International\/un-avion-special-a-la-disposition-du-ministere-de-la-sante\/"},"modified":"2020-06-15T11:36:00","modified_gmt":"2020-06-15T15:36:00","slug":"un-avion-special-a-la-disposition-du-ministere-de-la-sante","status":"publish","type":"post","link":"https:\/\/linitiative.ca\/International\/un-avion-special-a-la-disposition-du-ministere-de-la-sante\/","title":{"rendered":"Un avion sp\u00e9cial \u00e0 la disposition du minist\u00e8re de la Sant\u00e9"},"content":{"rendered":"<p><br id=\"sep_para_1\" class=\"sep_para access\"\/><\/p>\n<div id=\"para_1\" class=\"para_37447889 resize\">\n<div class=\"texte access firstletter\">Lors de la r\u00e9union p\u00e9riodique du Conseil des ministres a tenu dimanche\u00a0 par visioconf\u00e9rence, le chef de l\u2019\u00c9tat Abdelmadjid Tebboune a instruit de mettre un avion \u00e0 la disposition du minist\u00e8re de la Sant\u00e9 en vue de son d\u00e9placement, \u00e0 tout moment sur les lieux, afin de s\u2019assurer des informations relay\u00e9es ici et l\u00e0. Le chef de l\u2019Etat a \u00e9galement ordonn\u00e9 le durcissement du contr\u00f4le dans certains h\u00f4pitaux qui seraient, selon les m\u00e9dias, en surcharge et o\u00f9 des cas de patients non pris en charge seraient enregistr\u00e9s. Pour rappel, lors de la m\u00eame r\u00e9union le ministre de la Sant\u00e9, de la population et de la r\u00e9forme hospitali\u00e8re a pr\u00e9sent\u00e9 un expos\u00e9 sur l\u2019\u00e9volution de la situation sanitaire nationale li\u00e9es au Covid-19, ainsi que sur les dispositions prises par la juguler. En revanche, le Comit\u00e9 scientifique de suivi de l\u2019\u00e9volution de la pand\u00e9mie a recommand\u00e9 la poursuite de l\u2019application stricte des gestes barri\u00e8res afin de contenir les cas isol\u00e9s, a soulign\u00e9 le ministre.<\/div>\n<\/div>\n<p>Auteur: R\u00e9flexion<br \/>\n<a href=\"https:\/\/www.reflexiondz.net\/Un-avion-special-a-la-disposition-du-ministere-de-la-Sante_a63389.html\">Cliquez ici pour lire l&rsquo;article depuis sa source.<\/a><\/p>\n","protected":false},"excerpt":{"rendered":"<p>Lors de la r\u00e9union p\u00e9riodique du Conseil des ministres a tenu dimanche\u00a0 par visioconf\u00e9rence, le chef de l\u2019\u00c9tat Abdelmadjid Tebboune a instruit de mettre un avion \u00e0 la disposition du minist\u00e8re de la Sant\u00e9 en vue de son d\u00e9placement, \u00e0 tout moment sur les lieux, afin de s\u2019assurer des informations relay\u00e9es ici et l\u00e0. Le [&hellip;]<\/p>\n","protected":false},"author":1740,"featured_media":0,"comment_status":"closed","ping_status":"closed","sticky":false,"template":"","format":"standard","meta":{"fifu_image_url":"","fifu_image_alt":"","footnotes":""},"categories":[53,76],"tags":[],"class_list":["post-89075","post","type-post","status-publish","format-standard","hentry","category-algerie","category-regions"],"_links":{"self":[{"href":"https:\/\/linitiative.ca\/International\/wp-json\/wp\/v2\/posts\/89075","targetHints":{"allow":["GET"]}}],"collection":[{"href":"https:\/\/linitiative.ca\/International\/wp-json\/wp\/v2\/posts"}],"about":[{"href":"https:\/\/linitiative.ca\/International\/wp-json\/wp\/v2\/types\/post"}],"author":[{"embeddable":true,"href":"https:\/\/linitiative.ca\/International\/wp-json\/wp\/v2\/users\/1740"}],"replies":[{"embeddable":true,"href":"https:\/\/linitiative.ca\/International\/wp-json\/wp\/v2\/comments?post=89075"}],"version-history":[{"count":0,"href":"https:\/\/linitiative.ca\/International\/wp-json\/wp\/v2\/posts\/89075\/revisions"}],"wp:attachment":[{"href":"https:\/\/linitiative.ca\/International\/wp-json\/wp\/v2\/media?parent=89075"}],"wp:term":[{"taxonomy":"category","embeddable":true,"href":"https:\/\/linitiative.ca\/International\/wp-json\/wp\/v2\/categories?post=89075"},{"taxonomy":"post_tag","embeddable":true,"href":"https:\/\/linitiative.ca\/International\/wp-json\/wp\/v2\/tags?post=89075"}],"curies":[{"name":"wp","href":"https:\/\/api.w.org\/{rel}","templated":true}]}}