{"id":89076,"date":"2020-06-15T11:36:00","date_gmt":"2020-06-15T15:36:00","guid":{"rendered":"https:\/\/linitiative.ca\/International\/en-prevision-de-la-reprise-des-vols-air-algerie-presente-son-plan-post-confinement\/"},"modified":"2020-06-15T11:36:00","modified_gmt":"2020-06-15T15:36:00","slug":"en-prevision-de-la-reprise-des-vols-air-algerie-presente-son-plan-post-confinement","status":"publish","type":"post","link":"https:\/\/linitiative.ca\/International\/en-prevision-de-la-reprise-des-vols-air-algerie-presente-son-plan-post-confinement\/","title":{"rendered":"EN PREVISION DE LA REPRISE DES VOLS : Air Alg\u00e9rie pr\u00e9sente son plan post-confinement"},"content":{"rendered":"<p><br id=\"sep_para_1\" class=\"sep_para access\"\/><\/p>\n<div id=\"para_1\" class=\"para_37447879 resize\">\n<div class=\"texte access firstletter\">La compagnie a\u00e9rienne Air Alg\u00e9rie a pr\u00e9sent\u00e9 dimanche, \u00e0 Alger, son plan de mise en navigabilit\u00e9 de sa flotte d\u2019avions en pr\u00e9vision de la reprise des vols apr\u00e8s la lev\u00e9e des mesures de confinement. Ce plan, con\u00e7u et d\u00e9velopp\u00e9 par des experts et des techniciens de la compagnie nationale, comprend plusieurs mesures de s\u00e9curit\u00e9 et de protection permettant la relance de l\u2019activit\u00e9 apr\u00e8s la lev\u00e9e des mesures de confinement, a indiqu\u00e9 Said Boulaouad, chef de la Division maintenance et r\u00e9paration des a\u00e9ronefs, lors d\u2019une conf\u00e9rence tenue au niveau du p\u00f4le technique et formation de la compagnie, sur le th\u00e8me : \u00ab\u00a0Protocoles \u00e9dict\u00e9s en mati\u00e8re de maintenance concernant la p\u00e9riode Covid-19 et post-confinement \u00ab\u00a0. Le programme \u00e9tabli par les services de la maintenance en collaboration avec la Division commerciale consistera notamment en retrait des protections sp\u00e9cifiques appliqu\u00e9es aux avions en \u00e9tat d\u2019arr\u00eat, le lancement des travaux redevable selon le manuel des avions ainsi que le lancement d\u2019inspection et de v\u00e9rification avant la mise en service, a expliqu\u00e9 le m\u00eame responsable. S\u2019agissant de la protection de la cabine contre le COVID-19, les techniciens de la compagnie a\u00e9rienne ont assur\u00e9 que l\u2019air de la cabine est filtr\u00e9 contre les particules, bact\u00e9ries et virus avec une efficacit\u00e9 de 99,99%, et ce, gr\u00e2ce \u00e0 des filtres de haute protection \u00e9quipant les avions fabriqu\u00e9s par le constructeur am\u00e9ricain Boeing et l\u2019europ\u00e9en Airbus. \u00ab\u00a0L\u2019air int\u00e9rieur est renouvel\u00e9 totalement chaque 3 minutes. Ces filtres sont \u00e9quivalents en efficacit\u00e9 aux filtres utilis\u00e9s dans les blocs op\u00e9ratoires hospitaliers. Ils sont remplac\u00e9s \u00e0 des intervalles r\u00e9guliers d\u00e9finis par les constructeurs\u00a0\u00bb, a soulign\u00e9, de son c\u00f4t\u00e9, Laid Bouchama, directeur de gestion de navigabilit\u00e9.<\/div>\n<\/div>\n<p>Auteur: Ismain<br \/>\n<a href=\"https:\/\/www.reflexiondz.net\/EN-PREVISION-DE-LA-REPRISE-DES-VOLS-Air-Algerie-presente-son-plan-post-confinement_a63386.html\">Cliquez ici pour lire l&rsquo;article depuis sa source.<\/a><\/p>\n","protected":false},"excerpt":{"rendered":"<p>La compagnie a\u00e9rienne Air Alg\u00e9rie a pr\u00e9sent\u00e9 dimanche, \u00e0 Alger, son plan de mise en navigabilit\u00e9 de sa flotte d\u2019avions en pr\u00e9vision de la reprise des vols apr\u00e8s la lev\u00e9e des mesures de confinement. Ce plan, con\u00e7u et d\u00e9velopp\u00e9 par des experts et des techniciens de la compagnie nationale, comprend plusieurs mesures de s\u00e9curit\u00e9 et [&hellip;]<\/p>\n","protected":false},"author":1740,"featured_media":0,"comment_status":"closed","ping_status":"closed","sticky":false,"template":"","format":"standard","meta":{"fifu_image_url":"","fifu_image_alt":"","footnotes":""},"categories":[53,76],"tags":[],"class_list":["post-89076","post","type-post","status-publish","format-standard","hentry","category-algerie","category-regions"],"_links":{"self":[{"href":"https:\/\/linitiative.ca\/International\/wp-json\/wp\/v2\/posts\/89076","targetHints":{"allow":["GET"]}}],"collection":[{"href":"https:\/\/linitiative.ca\/International\/wp-json\/wp\/v2\/posts"}],"about":[{"href":"https:\/\/linitiative.ca\/International\/wp-json\/wp\/v2\/types\/post"}],"author":[{"embeddable":true,"href":"https:\/\/linitiative.ca\/International\/wp-json\/wp\/v2\/users\/1740"}],"replies":[{"embeddable":true,"href":"https:\/\/linitiative.ca\/International\/wp-json\/wp\/v2\/comments?post=89076"}],"version-history":[{"count":0,"href":"https:\/\/linitiative.ca\/International\/wp-json\/wp\/v2\/posts\/89076\/revisions"}],"wp:attachment":[{"href":"https:\/\/linitiative.ca\/International\/wp-json\/wp\/v2\/media?parent=89076"}],"wp:term":[{"taxonomy":"category","embeddable":true,"href":"https:\/\/linitiative.ca\/International\/wp-json\/wp\/v2\/categories?post=89076"},{"taxonomy":"post_tag","embeddable":true,"href":"https:\/\/linitiative.ca\/International\/wp-json\/wp\/v2\/tags?post=89076"}],"curies":[{"name":"wp","href":"https:\/\/api.w.org\/{rel}","templated":true}]}}