{"id":89089,"date":"2020-06-15T06:00:00","date_gmt":"2020-06-15T10:00:00","guid":{"rendered":"https:\/\/linitiative.ca\/International\/draoui-evoque-son-eventuel-retour-au-chabab\/"},"modified":"2020-06-15T06:00:00","modified_gmt":"2020-06-15T10:00:00","slug":"draoui-evoque-son-eventuel-retour-au-chabab","status":"publish","type":"post","link":"https:\/\/linitiative.ca\/International\/draoui-evoque-son-eventuel-retour-au-chabab\/","title":{"rendered":"Draoui \u00e9voque son \u00e9ventuel retour au Chabab"},"content":{"rendered":"<p>Zakaria Draoui, en fin de contrat avec l\u2019ES S\u00e9tif, devrait effectuer son retour au CR Belouizdad qu\u2019il a quitt\u00e9 en 2018 apr\u00e8s quatre saisons \u00e0 Laqiba. \u00abOui, je suis bel et bien en contact avec les dirigeants du CRB qui ont pris attache avec moi en pr\u00e9vision de la saison prochaine. On m\u2019a soumis l\u2019id\u00e9e de revenir et on en a discut\u00e9. Maintenant, rien n\u2019est encore fait puisque je n\u2019ai pas encore d\u00e9cid\u00e9 quant \u00e0 ma prochaine destination (\u2026) Certes, j\u2019ai \u00e9t\u00e9 au si\u00e8ge du Chabab dans un premier temps pour une visite de courtoisie, par la suite, on a commenc\u00e9 \u00e0 discuter d\u2019un \u00e9ventuel retour la saison prochaine\u00bb, a soulign\u00e9 le milieu de terrain de l\u2019Entente, qui affirme qu\u2019il pr\u00e9f\u00e8re honorer son contrat avec S\u00e9tif avant d\u2019annoncer sa prochaine destination. \u00abLa saison n\u2019est pas encore termin\u00e9e et par respect \u00e0 mon ESS, je me dois d\u2019honorer d\u2019abord mon contrat, apr\u00e8s on verra\u00bb, poursuit-il, en affirmant toutefois qu\u2019il pourrait rempiler avec l\u2019Entente m\u00eame si d\u2019autres clubs comme le MC Alger seraient sur ses traces. \u00abTant que la saison n\u2019est pas termin\u00e9e, je pr\u00e9f\u00e8re laisser cette histoire de c\u00f4t\u00e9. Il se pourrait aussi que je poursuive l\u2019aventure avec l\u2019ESS ou encore que j\u2019opte pour un autre club comme le Mouloudia qui m\u2019a officiellement contact\u00e9 par le biais d\u2019un dirigeant du club. Je peux m\u00eame dire que ce fut le tout premier club \u00e0 avoir pris attache avec moi pour me proposer l\u2019id\u00e9e de rejoindre l\u2019\u00e9quipe la saison prochaine\u00bb, dira l\u2019enfant de Hussein Dey form\u00e9 au DRB Baraki avant de porter les couleurs du RC Kouba en 2010 puis de rejoindre le CRB en 2014 jusqu\u2019en 2018.<br \/>Ah. A.<\/p>\n<p>Auteur:<br \/>\n<a href=\"https:\/\/www.lesoirdalgerie.com\/sports\/draoui-evoque-son-eventuel-retour-au-chabab-43524\">Cliquez ici pour lire l&rsquo;article depuis sa source.<\/a><\/p>\n","protected":false},"excerpt":{"rendered":"<p>Zakaria Draoui, en fin de contrat avec l\u2019ES S\u00e9tif, devrait effectuer son retour au CR Belouizdad qu\u2019il a quitt\u00e9 en 2018 apr\u00e8s quatre saisons \u00e0 Laqiba. \u00abOui, je suis bel et bien en contact avec les dirigeants du CRB qui ont pris attache avec moi en pr\u00e9vision de la saison prochaine. On m\u2019a soumis l\u2019id\u00e9e [&hellip;]<\/p>\n","protected":false},"author":1741,"featured_media":0,"comment_status":"closed","ping_status":"closed","sticky":false,"template":"","format":"standard","meta":{"fifu_image_url":"","fifu_image_alt":"","footnotes":""},"categories":[73,53],"tags":[],"class_list":["post-89089","post","type-post","status-publish","format-standard","hentry","category-actualite","category-algerie"],"_links":{"self":[{"href":"https:\/\/linitiative.ca\/International\/wp-json\/wp\/v2\/posts\/89089","targetHints":{"allow":["GET"]}}],"collection":[{"href":"https:\/\/linitiative.ca\/International\/wp-json\/wp\/v2\/posts"}],"about":[{"href":"https:\/\/linitiative.ca\/International\/wp-json\/wp\/v2\/types\/post"}],"author":[{"embeddable":true,"href":"https:\/\/linitiative.ca\/International\/wp-json\/wp\/v2\/users\/1741"}],"replies":[{"embeddable":true,"href":"https:\/\/linitiative.ca\/International\/wp-json\/wp\/v2\/comments?post=89089"}],"version-history":[{"count":0,"href":"https:\/\/linitiative.ca\/International\/wp-json\/wp\/v2\/posts\/89089\/revisions"}],"wp:attachment":[{"href":"https:\/\/linitiative.ca\/International\/wp-json\/wp\/v2\/media?parent=89089"}],"wp:term":[{"taxonomy":"category","embeddable":true,"href":"https:\/\/linitiative.ca\/International\/wp-json\/wp\/v2\/categories?post=89089"},{"taxonomy":"post_tag","embeddable":true,"href":"https:\/\/linitiative.ca\/International\/wp-json\/wp\/v2\/tags?post=89089"}],"curies":[{"name":"wp","href":"https:\/\/api.w.org\/{rel}","templated":true}]}}