{"id":89090,"date":"2020-06-15T06:00:00","date_gmt":"2020-06-15T10:00:00","guid":{"rendered":"https:\/\/linitiative.ca\/International\/anthar-yahia-brouille-les-pistes\/"},"modified":"2020-06-15T06:00:00","modified_gmt":"2020-06-15T10:00:00","slug":"anthar-yahia-brouille-les-pistes","status":"publish","type":"post","link":"https:\/\/linitiative.ca\/International\/anthar-yahia-brouille-les-pistes\/","title":{"rendered":"Anthar Yahia brouille les pistes"},"content":{"rendered":"<p>La question du futur entra\u00eeneur de l\u2019USM Alger n\u2019est pas encore r\u00e9gl\u00e9e puisque chaque semaine un nouveau nom est annonc\u00e9 comme \u00e9tant en contact avec Anthar Yahia, le directeur sportif des Rouge et Noir. Apr\u00e8s le Fran\u00e7ais Fran\u00e7ois Ciccolini dont les contacts ont \u00e9t\u00e9 entam\u00e9s fin mai dernier, deux autres techniciens seraient en contact avec l\u2019ancien capitaine des Verts \u00e0 savoir Rolland Courbis et M\u00e9cha Bazdaveric. Cela ne reste que des premiers contacts, mais Anthar Yahia esp\u00e8re conclure d\u2019ici la fin de la semaine pour se concentrer sur le volet de recrutement des nouveaux joueurs. Dans l\u2019entourage des Rouge et Noir, tout porte \u00e0 croire que Fran\u00e7ois Ciccolini sera le futur coach, un entra\u00eeneur qui a de bonnes relations avec Anthar Yahia qui l\u2019a eu comme entra\u00eeneur \u00e0 Bastia. \u00abFran\u00e7ois Ciccolini figure dans ma liste des entra\u00eeneurs cibl\u00e9s. Je l\u2019ai contact\u00e9 comme je l\u2019ai fait avec d\u2019autres techniciens. Mais, jusque-l\u00e0, il n\u2019y a rien de concret\u00bb avait soulign\u00e9 l\u2019ancien manager g\u00e9n\u00e9ral de l\u2019US Orl\u00e9ans en affirmant toutefois que la piste de Ciccolini, \u00abest une piste s\u00e9rieuse. Je le connais bien. Il r\u00e9pond au profil et c\u2019est quelqu\u2019un de comp\u00e9tent. Tout sera plus clair dans les prochains jours\u00bb. Pour certains, si Anthar Yahia \u00e9voque uniquement le nom de son ancien coach \u00e0 Bastia, c\u2019est probablement qu\u2019il veut brouiller les pistes. Et en attendant une \u00e9ventuelle reprise de la comp\u00e9tition, c\u2019est Mounir Zeghdoud qui poursuit son travail, celui de pr\u00e9parer \u00e0 distance les joueurs.<br \/>Ah. A.<\/p>\n<p>Auteur:<br \/>\n<a href=\"https:\/\/www.lesoirdalgerie.com\/sports\/anthar-yahia-brouille-les-pistes-43523\">Cliquez ici pour lire l&rsquo;article depuis sa source.<\/a><\/p>\n","protected":false},"excerpt":{"rendered":"<p>La question du futur entra\u00eeneur de l\u2019USM Alger n\u2019est pas encore r\u00e9gl\u00e9e puisque chaque semaine un nouveau nom est annonc\u00e9 comme \u00e9tant en contact avec Anthar Yahia, le directeur sportif des Rouge et Noir. Apr\u00e8s le Fran\u00e7ais Fran\u00e7ois Ciccolini dont les contacts ont \u00e9t\u00e9 entam\u00e9s fin mai dernier, deux autres techniciens seraient en contact avec [&hellip;]<\/p>\n","protected":false},"author":1741,"featured_media":0,"comment_status":"closed","ping_status":"closed","sticky":false,"template":"","format":"standard","meta":{"fifu_image_url":"","fifu_image_alt":"","footnotes":""},"categories":[73,53],"tags":[],"class_list":["post-89090","post","type-post","status-publish","format-standard","hentry","category-actualite","category-algerie"],"_links":{"self":[{"href":"https:\/\/linitiative.ca\/International\/wp-json\/wp\/v2\/posts\/89090","targetHints":{"allow":["GET"]}}],"collection":[{"href":"https:\/\/linitiative.ca\/International\/wp-json\/wp\/v2\/posts"}],"about":[{"href":"https:\/\/linitiative.ca\/International\/wp-json\/wp\/v2\/types\/post"}],"author":[{"embeddable":true,"href":"https:\/\/linitiative.ca\/International\/wp-json\/wp\/v2\/users\/1741"}],"replies":[{"embeddable":true,"href":"https:\/\/linitiative.ca\/International\/wp-json\/wp\/v2\/comments?post=89090"}],"version-history":[{"count":0,"href":"https:\/\/linitiative.ca\/International\/wp-json\/wp\/v2\/posts\/89090\/revisions"}],"wp:attachment":[{"href":"https:\/\/linitiative.ca\/International\/wp-json\/wp\/v2\/media?parent=89090"}],"wp:term":[{"taxonomy":"category","embeddable":true,"href":"https:\/\/linitiative.ca\/International\/wp-json\/wp\/v2\/categories?post=89090"},{"taxonomy":"post_tag","embeddable":true,"href":"https:\/\/linitiative.ca\/International\/wp-json\/wp\/v2\/tags?post=89090"}],"curies":[{"name":"wp","href":"https:\/\/api.w.org\/{rel}","templated":true}]}}